{"id":22085,"date":"2014-08-21T09:44:54","date_gmt":"2014-08-21T14:44:54","guid":{"rendered":"http:\/\/www.ambiente.gob.ec\/?p=22085"},"modified":"2014-08-25T12:07:19","modified_gmt":"2014-08-25T17:07:19","slug":"22085","status":"publish","type":"post","link":"https:\/\/www.ambienteyenergia.gob.ec\/ambiente\/22085\/","title":{"rendered":"MAE particip\u00f3 en la IX Mesa de Trabajo REDD+"},"content":{"rendered":"<p style=\"text-align: justify;\">El Ministerio del Ambiente (MAE), a trav\u00e9s de la Subsecretar\u00eda de Cambio Clim\u00e1tico, y con el apoyo t\u00e9cnico del Programa Nacional Conjunto ONU-REDD, desarroll\u00f3 la IX Reuni\u00f3n Ordinaria de la Mesa de Trabajo REDD+ (MdT).<\/p>\n<p style=\"text-align: justify;\">Presentar y discutir la propuesta del mecanismo de Resoluci\u00f3n de Controversias e incumplimiento para REDD+; Presentar una actualizaci\u00f3n sobre los avances en el dise\u00f1o del Sistema de Informaci\u00f3n de Salvaguardas (SIS); Presentar una actualizaci\u00f3n sobre el proceso participativo a nivel local de la Revisi\u00f3n de la Gu\u00eda de consulta y negociaci\u00f3n para REDD+; y, Retroalimentar el taller regional de Intercambio Sur \u2013 Sur sobre \u00abDesarrollo de Estrategias Nacionales REDD+\u201d fueron los objetivos planteados para el desarrollo de esta jornada de trabajo.<\/p>\n<p style=\"text-align: justify;\">Al finalizar la reuni\u00f3n, los participantes discutieron los pr\u00f3ximos pasos que llevar\u00e1 a cabo la Mesa de Trabajo durante el 2014.<\/p>\n<p style=\"text-align: justify;\">Para este evento fueron convocados\/as delegados\/as oficiales y alternos\/as de las organizaciones, instituciones o comunidades miembros de la MdT, las cuales fueron ratificadas por la Secretar\u00eda T\u00e9cnica.<\/p>\n<p style=\"text-align: justify;\">Para mayor informaci\u00f3n pueden comunicarse con Mar\u00eda del Carmen Garc\u00eda (maria.garcia@ambiente.gob.ec), Bel\u00e9n Cordovez (mbcordovez@pnc-onureddecuador.org ) o Fernanda Proa\u00f1o (fproano@pnc-onureddecuador.org).<\/p>\n","protected":false},"excerpt":{"rendered":"<p class=\"excerpt\">El Ministerio del Ambiente (MAE), a trav\u00e9s de la Subsecretar\u00eda de Cambio Clim\u00e1tico, y con el apoyo t\u00e9cnico del Programa Nacional Conjunto ONU-REDD, desarroll\u00f3 la IX Reuni\u00f3n Ordinaria de la Mesa de Trabajo REDD+ (MdT). Presentar y discutir la propuesta del mecanismo de Resoluci\u00f3n de Controversias e incumplimiento para REDD+; Presentar una actualizaci\u00f3n sobre los avances en el dise\u00f1o del&hellip; <a href=\"https:\/\/www.ambienteyenergia.gob.ec\/ambiente\/22085\/\">Read more &rarr;<\/a><\/p>\n","protected":false},"author":13,"featured_media":22137,"comment_status":"open","ping_status":"open","sticky":false,"template":"","format":"standard","meta":{"footnotes":""},"categories":[16,4],"tags":[387],"class_list":["post-22085","post","type-post","status-publish","format-standard","has-post-thumbnail","hentry","category-comunicamos","category-noticias","tag-mae-lorena-tapia","xfolkentry"],"_links":{"self":[{"href":"https:\/\/www.ambienteyenergia.gob.ec\/ambiente\/wp-json\/wp\/v2\/posts\/22085","targetHints":{"allow":["GET"]}}],"collection":[{"href":"https:\/\/www.ambienteyenergia.gob.ec\/ambiente\/wp-json\/wp\/v2\/posts"}],"about":[{"href":"https:\/\/www.ambienteyenergia.gob.ec\/ambiente\/wp-json\/wp\/v2\/types\/post"}],"author":[{"embeddable":true,"href":"https:\/\/www.ambienteyenergia.gob.ec\/ambiente\/wp-json\/wp\/v2\/users\/13"}],"replies":[{"embeddable":true,"href":"https:\/\/www.ambienteyenergia.gob.ec\/ambiente\/wp-json\/wp\/v2\/comments?post=22085"}],"version-history":[{"count":0,"href":"https:\/\/www.ambienteyenergia.gob.ec\/ambiente\/wp-json\/wp\/v2\/posts\/22085\/revisions"}],"wp:featuredmedia":[{"embeddable":true,"href":"https:\/\/www.ambienteyenergia.gob.ec\/ambiente\/wp-json\/wp\/v2\/media\/22137"}],"wp:attachment":[{"href":"https:\/\/www.ambienteyenergia.gob.ec\/ambiente\/wp-json\/wp\/v2\/media?parent=22085"}],"wp:term":[{"taxonomy":"category","embeddable":true,"href":"https:\/\/www.ambienteyenergia.gob.ec\/ambiente\/wp-json\/wp\/v2\/categories?post=22085"},{"taxonomy":"post_tag","embeddable":true,"href":"https:\/\/www.ambienteyenergia.gob.ec\/ambiente\/wp-json\/wp\/v2\/tags?post=22085"}],"curies":[{"name":"wp","href":"https:\/\/api.w.org\/{rel}","templated":true}]}}