{"id":22081,"date":"2014-08-21T09:33:59","date_gmt":"2014-08-21T14:33:59","guid":{"rendered":"http:\/\/www.ambiente.gob.ec\/?p=22081"},"modified":"2014-08-21T09:33:59","modified_gmt":"2014-08-21T14:33:59","slug":"mae-finalizo-la-implementacion-del-sistema-de-riego-parcelario-en-san-bartolome-2","status":"publish","type":"post","link":"https:\/\/www.ambienteyenergia.gob.ec\/ambiente\/mae-finalizo-la-implementacion-del-sistema-de-riego-parcelario-en-san-bartolome-2\/","title":{"rendered":"MAE finaliz\u00f3 la implementaci\u00f3n del sistema de riego parcelario en San Bartolom\u00e9"},"content":{"rendered":"<p><span style=\"font-family: FreeSans, 'Times New Roman', serif;\">El Ministerio del Ambiente de Ecuador (MAE), con fecha 7 de septiembre de 2012 suscribi\u00f3 un convenio de cooperaci\u00f3n interinstitucional con el Gobierno Aut\u00f3nomo Descentralizado Parroquial de San Bartolom\u00e9, a trav\u00e9s del cual se estableci\u00f3 la implementaci\u00f3n del Proyecto \u201cAprovechamiento eficiente del agua de riego y mejoramiento de la producci\u00f3n agropecuaria mediante la construcci\u00f3n de los sistemas de redes de distribuci\u00f3n y riego parcelario en las comunidades de San Bartolom\u00e9 Centro, Guan\u00f1a Central, Tunzh\u00fan, I\u00f1azari, Tagu\u00e1n, y Chin\u00edn de la parroquia San Bartolom\u00e9, cant\u00f3n S\u00edgsig, provincia del Azuay\u201d.<\/span><\/p>\n<p><span style=\"font-family: FreeSans, 'Times New Roman', serif;\">Durante el plazo de desarrollo del proyecto las comunidades instalaron<\/span> <span style=\"font-family: FreeSans, 'Times New Roman', serif;\">las tuber\u00edas de distribuci\u00f3n principal y secundaria desde los reservorios construidos en la primera fase del Proyecto de Adaptaci\u00f3n al Cambio Clim\u00e1tico (PACC), liderado por la Subsecretar\u00eda de Cambio Clim\u00e1tico del MAE y con el apoyo del Programa de las Naciones Unidas para el Desarrollo (PNUD). El proyecto<\/span> <span style=\"font-family: FreeSans, 'Times New Roman', serif;\">finaliza con la instalaci\u00f3n del riego parcelario familiar en las comunidades San Bartolom\u00e9 Centro, Guan\u00f1a Central, Tunzh\u00fan, I\u00f1azari, Tagu\u00e1n y Chin\u00edn. <\/span><\/p>\n<p><span style=\"font-family: FreeSans, 'Times New Roman', serif;\">El dato<\/span><\/p>\n<p><span style=\"font-family: FreeSans, 'Times New Roman', serif;\">Alrededor de 242 familias se benefician directamente con la instalaci\u00f3n de 132 sistemas de riego parcelario a goteo y aspersi\u00f3n para un \u00e1rea de 30 m2 cada uno, disminuyendo su vulnrabilidad ante los efectos del cambio clim\u00e1tico en la zona.<\/span><\/p>\n","protected":false},"excerpt":{"rendered":"<p class=\"excerpt\">El Ministerio del Ambiente de Ecuador (MAE), con fecha 7 de septiembre de 2012 suscribi\u00f3 un convenio de cooperaci\u00f3n interinstitucional con el Gobierno Aut\u00f3nomo Descentralizado Parroquial de San Bartolom\u00e9, a trav\u00e9s del cual se estableci\u00f3 la implementaci\u00f3n del Proyecto \u201cAprovechamiento eficiente del agua de riego y mejoramiento de la producci\u00f3n agropecuaria mediante la construcci\u00f3n de los sistemas de redes de&hellip; <a href=\"https:\/\/www.ambienteyenergia.gob.ec\/ambiente\/mae-finalizo-la-implementacion-del-sistema-de-riego-parcelario-en-san-bartolome-2\/\">Read more &rarr;<\/a><\/p>\n","protected":false},"author":13,"featured_media":22082,"comment_status":"open","ping_status":"open","sticky":false,"template":"","format":"standard","meta":{"footnotes":""},"categories":[16,4],"tags":[212,387],"class_list":["post-22081","post","type-post","status-publish","format-standard","has-post-thumbnail","hentry","category-comunicamos","category-noticias","tag-azuay","tag-mae-lorena-tapia","xfolkentry"],"_links":{"self":[{"href":"https:\/\/www.ambienteyenergia.gob.ec\/ambiente\/wp-json\/wp\/v2\/posts\/22081","targetHints":{"allow":["GET"]}}],"collection":[{"href":"https:\/\/www.ambienteyenergia.gob.ec\/ambiente\/wp-json\/wp\/v2\/posts"}],"about":[{"href":"https:\/\/www.ambienteyenergia.gob.ec\/ambiente\/wp-json\/wp\/v2\/types\/post"}],"author":[{"embeddable":true,"href":"https:\/\/www.ambienteyenergia.gob.ec\/ambiente\/wp-json\/wp\/v2\/users\/13"}],"replies":[{"embeddable":true,"href":"https:\/\/www.ambienteyenergia.gob.ec\/ambiente\/wp-json\/wp\/v2\/comments?post=22081"}],"version-history":[{"count":0,"href":"https:\/\/www.ambienteyenergia.gob.ec\/ambiente\/wp-json\/wp\/v2\/posts\/22081\/revisions"}],"wp:featuredmedia":[{"embeddable":true,"href":"https:\/\/www.ambienteyenergia.gob.ec\/ambiente\/wp-json\/wp\/v2\/media\/22082"}],"wp:attachment":[{"href":"https:\/\/www.ambienteyenergia.gob.ec\/ambiente\/wp-json\/wp\/v2\/media?parent=22081"}],"wp:term":[{"taxonomy":"category","embeddable":true,"href":"https:\/\/www.ambienteyenergia.gob.ec\/ambiente\/wp-json\/wp\/v2\/categories?post=22081"},{"taxonomy":"post_tag","embeddable":true,"href":"https:\/\/www.ambienteyenergia.gob.ec\/ambiente\/wp-json\/wp\/v2\/tags?post=22081"}],"curies":[{"name":"wp","href":"https:\/\/api.w.org\/{rel}","templated":true}]}}