{"id":22075,"date":"2014-08-20T15:31:59","date_gmt":"2014-08-20T20:31:59","guid":{"rendered":"http:\/\/www.ambiente.gob.ec\/?p=22075"},"modified":"2014-08-20T15:33:26","modified_gmt":"2014-08-20T20:33:26","slug":"mae-inaugura-ecotalleres-en-la-parroquia-san-roque","status":"publish","type":"post","link":"https:\/\/www.ambienteyenergia.gob.ec\/ambiente\/mae-inaugura-ecotalleres-en-la-parroquia-san-roque\/","title":{"rendered":"MAE inaugura Ecotalleres en la parroquia San Roque"},"content":{"rendered":"<p lang=\"es-ES\" style=\"margin-bottom: 0cm; line-height: \uff96%; widows: 2; orphans: 2;\" align=\"JUSTIFY\"><span style=\"font-family: Arial,sans-serif;\"><span style=\"font-size: medium;\">Ayer, el Ministerio del Ambiente de Ecuador (MAE), a trav\u00e9s de la Direcci\u00f3n Provincial del Ambiente de Imbabura realiz\u00f3 la inauguraci\u00f3n del proyecto de capacitaci\u00f3n y sensibilizaci\u00f3n denominado Ecotalleres, en coordinaci\u00f3n con la Junta Parroquial Rural de San Roque, cant\u00f3n Antonio Ante.<\/span><\/span><\/p>\n<p lang=\"es-ES\" style=\"margin-bottom: 0cm; line-height: \uff96%; widows: 2; orphans: 2;\" align=\"JUSTIFY\">\n<p lang=\"es-ES\" style=\"margin-bottom: 0cm; line-height: \uff96%; widows: 2; orphans: 2;\" align=\"JUSTIFY\"><span style=\"font-family: Calibri,sans-serif;\"><span style=\"font-size: small;\"><span style=\"font-family: Arial,sans-serif;\"><span style=\"font-size: medium;\">Con la presencia de <\/span><\/span><span style=\"font-family: Arial,sans-serif;\"><span style=\"font-size: medium;\">3<\/span><\/span><span style=\"font-family: Arial,sans-serif;\"><span style=\"font-size: medium;\">5 representes de los barrios de la parroquia <\/span><\/span><span style=\"font-family: Arial,sans-serif;\"><span style=\"font-size: medium;\">San Roque, t\u00e9cnicos de esta Cartera de Estado explicaron <\/span><\/span><span style=\"font-family: Arial,sans-serif;\"><span style=\"font-size: medium;\">la modalidad de desarrollo de estos talleres que duraran 80 horas acad\u00e9micas, luego de lo cual recibir\u00e1n un certificado abalado por la Escuela Polit\u00e9cnica del Ejercito (ESPE) que los reconoce como Promotores Ambientales.<\/span><\/span><\/span><\/span><\/p>\n<p lang=\"es-ES\" style=\"margin-bottom: 0cm; line-height: \uff96%; widows: 2; orphans: 2;\" align=\"JUSTIFY\">\n<p lang=\"es-ES\" style=\"margin-bottom: 0cm; line-height: \uff96%; widows: 2; orphans: 2;\" align=\"JUSTIFY\"><span style=\"font-family: Arial,sans-serif;\"><span style=\"font-size: medium;\">El objetivo de esta iniciativa es vincular a la ciudadan\u00eda como gestores primordiales del cambio por medio de la socializaci\u00f3n de estos conocimientos en sus barrios, comunidades y familiares, por medio de propuestas sustentables y sostenibles de desarrollo econ\u00f3mico y ambiental de la parroquia San Roque.<\/span><\/span><\/p>\n","protected":false},"excerpt":{"rendered":"<p class=\"excerpt\">Ayer, el Ministerio del Ambiente de Ecuador (MAE), a trav\u00e9s de la Direcci\u00f3n Provincial del Ambiente de Imbabura realiz\u00f3 la inauguraci\u00f3n del proyecto de capacitaci\u00f3n y sensibilizaci\u00f3n denominado Ecotalleres, en coordinaci\u00f3n con la Junta Parroquial Rural de San Roque, cant\u00f3n Antonio Ante. Con la presencia de 35 representes de los barrios de la parroquia San Roque, t\u00e9cnicos de esta Cartera&hellip; <a href=\"https:\/\/www.ambienteyenergia.gob.ec\/ambiente\/mae-inaugura-ecotalleres-en-la-parroquia-san-roque\/\">Read more &rarr;<\/a><\/p>\n","protected":false},"author":13,"featured_media":22076,"comment_status":"open","ping_status":"open","sticky":false,"template":"","format":"standard","meta":{"footnotes":""},"categories":[16,4],"tags":[246,162,108,53],"class_list":["post-22075","post","type-post","status-publish","format-standard","has-post-thumbnail","hentry","category-comunicamos","category-noticias","tag-ecotalleres","tag-imbabura","tag-lorena-tapia","tag-mae","xfolkentry"],"_links":{"self":[{"href":"https:\/\/www.ambienteyenergia.gob.ec\/ambiente\/wp-json\/wp\/v2\/posts\/22075","targetHints":{"allow":["GET"]}}],"collection":[{"href":"https:\/\/www.ambienteyenergia.gob.ec\/ambiente\/wp-json\/wp\/v2\/posts"}],"about":[{"href":"https:\/\/www.ambienteyenergia.gob.ec\/ambiente\/wp-json\/wp\/v2\/types\/post"}],"author":[{"embeddable":true,"href":"https:\/\/www.ambienteyenergia.gob.ec\/ambiente\/wp-json\/wp\/v2\/users\/13"}],"replies":[{"embeddable":true,"href":"https:\/\/www.ambienteyenergia.gob.ec\/ambiente\/wp-json\/wp\/v2\/comments?post=22075"}],"version-history":[{"count":0,"href":"https:\/\/www.ambienteyenergia.gob.ec\/ambiente\/wp-json\/wp\/v2\/posts\/22075\/revisions"}],"wp:featuredmedia":[{"embeddable":true,"href":"https:\/\/www.ambienteyenergia.gob.ec\/ambiente\/wp-json\/wp\/v2\/media\/22076"}],"wp:attachment":[{"href":"https:\/\/www.ambienteyenergia.gob.ec\/ambiente\/wp-json\/wp\/v2\/media?parent=22075"}],"wp:term":[{"taxonomy":"category","embeddable":true,"href":"https:\/\/www.ambienteyenergia.gob.ec\/ambiente\/wp-json\/wp\/v2\/categories?post=22075"},{"taxonomy":"post_tag","embeddable":true,"href":"https:\/\/www.ambienteyenergia.gob.ec\/ambiente\/wp-json\/wp\/v2\/tags?post=22075"}],"curies":[{"name":"wp","href":"https:\/\/api.w.org\/{rel}","templated":true}]}}