{"id":22063,"date":"2014-08-20T14:14:13","date_gmt":"2014-08-20T19:14:13","guid":{"rendered":"http:\/\/www.ambiente.gob.ec\/?p=22063"},"modified":"2014-08-20T15:24:10","modified_gmt":"2014-08-20T20:24:10","slug":"campana-de-prevencion-de-incendios-se-realiza-en-cotacachi","status":"publish","type":"post","link":"https:\/\/www.ambienteyenergia.gob.ec\/ambiente\/campana-de-prevencion-de-incendios-se-realiza-en-cotacachi\/","title":{"rendered":"Campa\u00f1a de prevenci\u00f3n de incendios se realiza en Cotacachi"},"content":{"rendered":"<p style=\"text-align: justify;\">El Ministerio del Ambiente de Ecuador (MAE), a trav\u00e9s de la Reserva Ecol\u00f3gica Cotacachi Cayapas (RECC) realiza la campa\u00f1a de prevenci\u00f3n de incendios puerta a puerta en las comunidades de la zona de amortiguamiento, para as\u00ed mantener la integridad y el cuidado de la biodiversidad existente en esta \u00e1rea protegida.<\/p>\n<p style=\"text-align: justify;\">Esta semana las comunidades visitadas fueron Santa Rosa, La Delicia, Urcusiqui, Santa Luc\u00eda, San Luis de la Carboner\u00eda, Santa Rita, Quitumba, Peribuela, Pucalpa pertenecientes al cant\u00f3n Cotacachi.<\/p>\n<p style=\"text-align: justify;\">El MAE busca sensibilizar a la sociedad para evitar que se atente a la naturaleza propendiendo a que contin\u00fae con su ciclo natural para asegurar el uso de los recursos de manera sustentable y sostenible.<\/p>\n","protected":false},"excerpt":{"rendered":"<p class=\"excerpt\">El Ministerio del Ambiente de Ecuador (MAE), a trav\u00e9s de la Reserva Ecol\u00f3gica Cotacachi Cayapas (RECC) realiza la campa\u00f1a de prevenci\u00f3n de incendios puerta a puerta en las comunidades de la zona de amortiguamiento, para as\u00ed mantener la integridad y el cuidado de la biodiversidad existente en esta \u00e1rea protegida. Esta semana las comunidades visitadas fueron Santa Rosa, La Delicia,&hellip; <a href=\"https:\/\/www.ambienteyenergia.gob.ec\/ambiente\/campana-de-prevencion-de-incendios-se-realiza-en-cotacachi\/\">Read more &rarr;<\/a><\/p>\n","protected":false},"author":13,"featured_media":22064,"comment_status":"open","ping_status":"open","sticky":false,"template":"","format":"standard","meta":{"footnotes":""},"categories":[16,4],"tags":[369,544,108,53],"class_list":["post-22063","post","type-post","status-publish","format-standard","has-post-thumbnail","hentry","category-comunicamos","category-noticias","tag-cotacachi","tag-incendios","tag-lorena-tapia","tag-mae","xfolkentry"],"_links":{"self":[{"href":"https:\/\/www.ambienteyenergia.gob.ec\/ambiente\/wp-json\/wp\/v2\/posts\/22063","targetHints":{"allow":["GET"]}}],"collection":[{"href":"https:\/\/www.ambienteyenergia.gob.ec\/ambiente\/wp-json\/wp\/v2\/posts"}],"about":[{"href":"https:\/\/www.ambienteyenergia.gob.ec\/ambiente\/wp-json\/wp\/v2\/types\/post"}],"author":[{"embeddable":true,"href":"https:\/\/www.ambienteyenergia.gob.ec\/ambiente\/wp-json\/wp\/v2\/users\/13"}],"replies":[{"embeddable":true,"href":"https:\/\/www.ambienteyenergia.gob.ec\/ambiente\/wp-json\/wp\/v2\/comments?post=22063"}],"version-history":[{"count":0,"href":"https:\/\/www.ambienteyenergia.gob.ec\/ambiente\/wp-json\/wp\/v2\/posts\/22063\/revisions"}],"wp:featuredmedia":[{"embeddable":true,"href":"https:\/\/www.ambienteyenergia.gob.ec\/ambiente\/wp-json\/wp\/v2\/media\/22064"}],"wp:attachment":[{"href":"https:\/\/www.ambienteyenergia.gob.ec\/ambiente\/wp-json\/wp\/v2\/media?parent=22063"}],"wp:term":[{"taxonomy":"category","embeddable":true,"href":"https:\/\/www.ambienteyenergia.gob.ec\/ambiente\/wp-json\/wp\/v2\/categories?post=22063"},{"taxonomy":"post_tag","embeddable":true,"href":"https:\/\/www.ambienteyenergia.gob.ec\/ambiente\/wp-json\/wp\/v2\/tags?post=22063"}],"curies":[{"name":"wp","href":"https:\/\/api.w.org\/{rel}","templated":true}]}}