{"id":22060,"date":"2014-08-20T14:00:44","date_gmt":"2014-08-20T19:00:44","guid":{"rendered":"http:\/\/www.ambiente.gob.ec\/?p=22060"},"modified":"2014-08-20T14:00:44","modified_gmt":"2014-08-20T19:00:44","slug":"mae-participo-en-actividades-por-la-cantonizacion-de-sevilla-de-oro","status":"publish","type":"post","link":"https:\/\/www.ambienteyenergia.gob.ec\/ambiente\/mae-participo-en-actividades-por-la-cantonizacion-de-sevilla-de-oro\/","title":{"rendered":"MAE particip\u00f3 en actividades por la cantonizaci\u00f3n de Sevilla de Oro"},"content":{"rendered":"<p style=\"margin-bottom: 0cm;\" align=\"JUSTIFY\">En el marco de la conmemoraci\u00f3n del XXII aniversario de cantonizaci\u00f3n de Sevilla de Oro, provincia del Azuay, el Ministerio del Ambiente de Ecuador (MAE), a trav\u00e9s de la Direcci\u00f3n Provincial del Ambiente de Azuay particip\u00f3 en la V Feria Agropecuaria, Ganadera, Gastron\u00f3mica y Artesanal, con el fin de informar a los participantes y visitantes sobre las actividades que esta Cartera de Estado realiza a lo largo de la provincia.<\/p>\n<p style=\"margin-bottom: 0cm;\" align=\"JUSTIFY\">Durante esta jornada de educaci\u00f3n ambiental, t\u00e9cnicos del MAE socializaron temas referentes a Vida Silvestre, Patrimonio Natural, Humedales, Contaminaci\u00f3n y Reciclaje con apoyo de material did\u00e1ctico. Adem\u00e1s se entreg\u00f3 material de difusi\u00f3n ambiental a las personas que asistieron a la carpa de esta Secretar\u00eda de Estado.<\/p>\n","protected":false},"excerpt":{"rendered":"<p class=\"excerpt\">En el marco de la conmemoraci\u00f3n del XXII aniversario de cantonizaci\u00f3n de Sevilla de Oro, provincia del Azuay, el Ministerio del Ambiente de Ecuador (MAE), a trav\u00e9s de la Direcci\u00f3n Provincial del Ambiente de Azuay particip\u00f3 en la V Feria Agropecuaria, Ganadera, Gastron\u00f3mica y Artesanal, con el fin de informar a los participantes y visitantes sobre las actividades que esta&hellip; <a href=\"https:\/\/www.ambienteyenergia.gob.ec\/ambiente\/mae-participo-en-actividades-por-la-cantonizacion-de-sevilla-de-oro\/\">Read more &rarr;<\/a><\/p>\n","protected":false},"author":13,"featured_media":22061,"comment_status":"open","ping_status":"open","sticky":false,"template":"","format":"standard","meta":{"footnotes":""},"categories":[16,4],"tags":[145,108,53],"class_list":["post-22060","post","type-post","status-publish","format-standard","has-post-thumbnail","hentry","category-comunicamos","category-noticias","tag-el-oro","tag-lorena-tapia","tag-mae","xfolkentry"],"_links":{"self":[{"href":"https:\/\/www.ambienteyenergia.gob.ec\/ambiente\/wp-json\/wp\/v2\/posts\/22060","targetHints":{"allow":["GET"]}}],"collection":[{"href":"https:\/\/www.ambienteyenergia.gob.ec\/ambiente\/wp-json\/wp\/v2\/posts"}],"about":[{"href":"https:\/\/www.ambienteyenergia.gob.ec\/ambiente\/wp-json\/wp\/v2\/types\/post"}],"author":[{"embeddable":true,"href":"https:\/\/www.ambienteyenergia.gob.ec\/ambiente\/wp-json\/wp\/v2\/users\/13"}],"replies":[{"embeddable":true,"href":"https:\/\/www.ambienteyenergia.gob.ec\/ambiente\/wp-json\/wp\/v2\/comments?post=22060"}],"version-history":[{"count":0,"href":"https:\/\/www.ambienteyenergia.gob.ec\/ambiente\/wp-json\/wp\/v2\/posts\/22060\/revisions"}],"wp:featuredmedia":[{"embeddable":true,"href":"https:\/\/www.ambienteyenergia.gob.ec\/ambiente\/wp-json\/wp\/v2\/media\/22061"}],"wp:attachment":[{"href":"https:\/\/www.ambienteyenergia.gob.ec\/ambiente\/wp-json\/wp\/v2\/media?parent=22060"}],"wp:term":[{"taxonomy":"category","embeddable":true,"href":"https:\/\/www.ambienteyenergia.gob.ec\/ambiente\/wp-json\/wp\/v2\/categories?post=22060"},{"taxonomy":"post_tag","embeddable":true,"href":"https:\/\/www.ambienteyenergia.gob.ec\/ambiente\/wp-json\/wp\/v2\/tags?post=22060"}],"curies":[{"name":"wp","href":"https:\/\/api.w.org\/{rel}","templated":true}]}}