{"id":22057,"date":"2014-08-20T13:34:53","date_gmt":"2014-08-20T18:34:53","guid":{"rendered":"http:\/\/www.ambiente.gob.ec\/?p=22057"},"modified":"2014-08-20T13:34:53","modified_gmt":"2014-08-20T18:34:53","slug":"mae-recupera-15-especimenes-de-fauna-silvestre-en-la-provincia-de-los-rios","status":"publish","type":"post","link":"https:\/\/www.ambienteyenergia.gob.ec\/ambiente\/mae-recupera-15-especimenes-de-fauna-silvestre-en-la-provincia-de-los-rios\/","title":{"rendered":"MAE recupera 15 espec\u00edmenes de Fauna Silvestre en la Provincia de Los R\u00edos"},"content":{"rendered":"<p style=\"margin-bottom: 0.35cm;\" align=\"JUSTIFY\"><span style=\"font-family: Arial,serif;\">En <\/span><span style=\"font-family: Arial,serif;\">un <\/span><span style=\"font-family: Arial,serif;\">operativo de control de vida silvestre el Ministerio del Ambiente de Ecuador (MAE), a trav\u00e9s de la Direcci\u00f3n Provincial de Los R\u00edos, rescat\u00f3 15 tortugas, <\/span><span style=\"font-family: Arial,serif;\">14 de la especie mordedora y una taparrabo<\/span><span style=\"font-family: Arial,serif;\"> (<em>chelydra sp y kinosternon <\/em><\/span><span style=\"font-family: Arial,serif;\">respectivamente<\/span><span style=\"font-family: Arial,serif;\">), las mismas que <\/span><span style=\"font-family: Arial,serif;\">estaban en custodia <\/span><span style=\"font-family: Arial,serif;\">de un morador del <\/span><span style=\"font-family: Arial,serif;\">b<\/span><span style=\"font-family: Arial,serif;\">arrio <\/span><span style=\"font-family: Arial,serif;\">l<\/span><span style=\"font-family: Arial,serif;\">indo del cant\u00f3n Mocache.<\/span><\/p>\n<p style=\"margin-bottom: 0.35cm;\" align=\"JUSTIFY\"><span style=\"font-family: Arial,serif;\">Estos animales silvestres fueron rescatados luego de recibir una llamada telef\u00f3nica de miembros de la Unidad de Protecci\u00f3n de Medio Ambiente <\/span><span style=\"font-family: Arial,serif;\">(UPMA) de la Polic\u00eda Nacional.<\/span><\/p>\n<p style=\"margin-bottom: 0.35cm;\" align=\"JUSTIFY\"><span style=\"font-family: Arial,serif;\">Al momento del operativo se constat\u00f3 que las tortugas<\/span><span style=\"font-family: Arial,serif;\"> se encontraban en un ambiente no adecuado para su bienestar, <\/span><span style=\"font-family: Arial,serif;\">debido a eso t\u00e9cnicos de esta Cartera de Estado procedieron a rescatar a estos espec\u00edmenes para poder realizar los respectivos diagn\u00f3sticos de su estado de salud y peso.<\/span><\/p>\n<p style=\"margin-bottom: 0.35cm;\" align=\"JUSTIFY\"><span style=\"font-family: Arial,serif;\">Luego de constatar que l<\/span><span style=\"font-family: Arial,serif;\">as tortugas <\/span><span style=\"font-family: Arial,serif;\">no presentaban problemas de salud y peso, <\/span><span style=\"font-family: Arial,serif;\">fueron reinsertadas en el Bosque Protector Daule Peripa, de la Provincia de Los R\u00edos.<\/span><\/p>\n<p style=\"margin-bottom: 0.35cm;\" align=\"JUSTIFY\"><span style=\"font-family: Arial,serif;\">El MAE ejecuta operativos de control de tr\u00e1fico, tenencia y comercializaci\u00f3n de vida silvestre en todo el pa\u00eds, con el objetivo de precautelar la integridad de nuestro patrimonio natural.<\/span><\/p>\n","protected":false},"excerpt":{"rendered":"<p class=\"excerpt\">En un operativo de control de vida silvestre el Ministerio del Ambiente de Ecuador (MAE), a trav\u00e9s de la Direcci\u00f3n Provincial de Los R\u00edos, rescat\u00f3 15 tortugas, 14 de la especie mordedora y una taparrabo (chelydra sp y kinosternon respectivamente), las mismas que estaban en custodia de un morador del barrio lindo del cant\u00f3n Mocache. Estos animales silvestres fueron rescatados&hellip; <a href=\"https:\/\/www.ambienteyenergia.gob.ec\/ambiente\/mae-recupera-15-especimenes-de-fauna-silvestre-en-la-provincia-de-los-rios\/\">Read more &rarr;<\/a><\/p>\n","protected":false},"author":13,"featured_media":22058,"comment_status":"open","ping_status":"open","sticky":false,"template":"","format":"standard","meta":{"footnotes":""},"categories":[16,4],"tags":[108,53,62,408],"class_list":["post-22057","post","type-post","status-publish","format-standard","has-post-thumbnail","hentry","category-comunicamos","category-noticias","tag-lorena-tapia","tag-mae","tag-tortugas","tag-vida-silvestre","xfolkentry"],"_links":{"self":[{"href":"https:\/\/www.ambienteyenergia.gob.ec\/ambiente\/wp-json\/wp\/v2\/posts\/22057","targetHints":{"allow":["GET"]}}],"collection":[{"href":"https:\/\/www.ambienteyenergia.gob.ec\/ambiente\/wp-json\/wp\/v2\/posts"}],"about":[{"href":"https:\/\/www.ambienteyenergia.gob.ec\/ambiente\/wp-json\/wp\/v2\/types\/post"}],"author":[{"embeddable":true,"href":"https:\/\/www.ambienteyenergia.gob.ec\/ambiente\/wp-json\/wp\/v2\/users\/13"}],"replies":[{"embeddable":true,"href":"https:\/\/www.ambienteyenergia.gob.ec\/ambiente\/wp-json\/wp\/v2\/comments?post=22057"}],"version-history":[{"count":0,"href":"https:\/\/www.ambienteyenergia.gob.ec\/ambiente\/wp-json\/wp\/v2\/posts\/22057\/revisions"}],"wp:featuredmedia":[{"embeddable":true,"href":"https:\/\/www.ambienteyenergia.gob.ec\/ambiente\/wp-json\/wp\/v2\/media\/22058"}],"wp:attachment":[{"href":"https:\/\/www.ambienteyenergia.gob.ec\/ambiente\/wp-json\/wp\/v2\/media?parent=22057"}],"wp:term":[{"taxonomy":"category","embeddable":true,"href":"https:\/\/www.ambienteyenergia.gob.ec\/ambiente\/wp-json\/wp\/v2\/categories?post=22057"},{"taxonomy":"post_tag","embeddable":true,"href":"https:\/\/www.ambienteyenergia.gob.ec\/ambiente\/wp-json\/wp\/v2\/tags?post=22057"}],"curies":[{"name":"wp","href":"https:\/\/api.w.org\/{rel}","templated":true}]}}