{"id":22054,"date":"2014-08-20T10:02:43","date_gmt":"2014-08-20T15:02:43","guid":{"rendered":"http:\/\/www.ambiente.gob.ec\/?p=22054"},"modified":"2014-08-20T10:02:43","modified_gmt":"2014-08-20T15:02:43","slug":"docentes-de-los-rios-se-suman-a-la-red-guardianes-del-planeta-mae","status":"publish","type":"post","link":"https:\/\/www.ambienteyenergia.gob.ec\/ambiente\/docentes-de-los-rios-se-suman-a-la-red-guardianes-del-planeta-mae\/","title":{"rendered":"Docentes de Los R\u00edos se suman a la Red Guardianes del Planeta-MAE"},"content":{"rendered":"<p style=\"text-align: justify;\">Alrededor de 40 docentes de unidades educativas del cant\u00f3n Urdaneta,\u00a0 provincia de Los R\u00edos, participaron en el Primer Taller del Programa de Capacitaci\u00f3n Ambiental Red Guardianes del Planeta, del Ministerio del Ambiente (MAE). Esta actividad fue realizada con el objetivo de mejorar la calidad de vida de la comunidad educativa y la poblaci\u00f3n en general, mediante procesos de sensibilizaci\u00f3n frente al cuidado del ambiente.<\/p>\n<p style=\"text-align: justify;\">El 14 y 15 de agosto, los profesores de las eescuelas, Leopoldo Valladares, Jaime Coloma, y Unidad Educativa Antonio Jos\u00e9 de Sucre, ubicadas en la parroquia Catarama (Urdaneta); \u00a0fueron capacitados en temas como la aplicaci\u00f3n de Buenas Pr\u00e1cticas Ambientales y\u00a0 el desarrollo de Proyectos en el mismo \u00e1mbito.<\/p>\n<p style=\"text-align: justify;\">Red Guardianes del Planeta es un componente del Proyecto de Educaci\u00f3n Ambiental Ciudadana, Somos Parte de la Soluci\u00f3n-MAE, a trav\u00e9s de cual se estableci\u00f3 un compromiso para trabajar con instituciones educativas con base en la problem\u00e1tica socio-ambiental.<\/p>\n<p style=\"text-align: justify;\">En ese sentido, este Primer Taller es el resultado de varias actividades de estructuraci\u00f3n y coordinaci\u00f3n interinstitucional del Ministerio del Ambiente con el Parlamento Andino, y el Ministerio de Educaci\u00f3n.<\/p>\n","protected":false},"excerpt":{"rendered":"<p class=\"excerpt\">Alrededor de 40 docentes de unidades educativas del cant\u00f3n Urdaneta,\u00a0 provincia de Los R\u00edos, participaron en el Primer Taller del Programa de Capacitaci\u00f3n Ambiental Red Guardianes del Planeta, del Ministerio del Ambiente (MAE). Esta actividad fue realizada con el objetivo de mejorar la calidad de vida de la comunidad educativa y la poblaci\u00f3n en general, mediante procesos de sensibilizaci\u00f3n frente&hellip; <a href=\"https:\/\/www.ambienteyenergia.gob.ec\/ambiente\/docentes-de-los-rios-se-suman-a-la-red-guardianes-del-planeta-mae\/\">Read more &rarr;<\/a><\/p>\n","protected":false},"author":13,"featured_media":20195,"comment_status":"open","ping_status":"open","sticky":false,"template":"","format":"standard","meta":{"footnotes":""},"categories":[16,4],"tags":[503,387],"class_list":["post-22054","post","type-post","status-publish","format-standard","has-post-thumbnail","hentry","category-comunicamos","category-noticias","tag-guardianes-del-planeta","tag-mae-lorena-tapia","xfolkentry"],"_links":{"self":[{"href":"https:\/\/www.ambienteyenergia.gob.ec\/ambiente\/wp-json\/wp\/v2\/posts\/22054","targetHints":{"allow":["GET"]}}],"collection":[{"href":"https:\/\/www.ambienteyenergia.gob.ec\/ambiente\/wp-json\/wp\/v2\/posts"}],"about":[{"href":"https:\/\/www.ambienteyenergia.gob.ec\/ambiente\/wp-json\/wp\/v2\/types\/post"}],"author":[{"embeddable":true,"href":"https:\/\/www.ambienteyenergia.gob.ec\/ambiente\/wp-json\/wp\/v2\/users\/13"}],"replies":[{"embeddable":true,"href":"https:\/\/www.ambienteyenergia.gob.ec\/ambiente\/wp-json\/wp\/v2\/comments?post=22054"}],"version-history":[{"count":0,"href":"https:\/\/www.ambienteyenergia.gob.ec\/ambiente\/wp-json\/wp\/v2\/posts\/22054\/revisions"}],"wp:featuredmedia":[{"embeddable":true,"href":"https:\/\/www.ambienteyenergia.gob.ec\/ambiente\/wp-json\/wp\/v2\/media\/20195"}],"wp:attachment":[{"href":"https:\/\/www.ambienteyenergia.gob.ec\/ambiente\/wp-json\/wp\/v2\/media?parent=22054"}],"wp:term":[{"taxonomy":"category","embeddable":true,"href":"https:\/\/www.ambienteyenergia.gob.ec\/ambiente\/wp-json\/wp\/v2\/categories?post=22054"},{"taxonomy":"post_tag","embeddable":true,"href":"https:\/\/www.ambienteyenergia.gob.ec\/ambiente\/wp-json\/wp\/v2\/tags?post=22054"}],"curies":[{"name":"wp","href":"https:\/\/api.w.org\/{rel}","templated":true}]}}