{"id":22048,"date":"2014-08-19T16:07:06","date_gmt":"2014-08-19T21:07:06","guid":{"rendered":"http:\/\/www.ambiente.gob.ec\/?p=22048"},"modified":"2014-08-19T16:08:17","modified_gmt":"2014-08-19T21:08:17","slug":"22048","status":"publish","type":"post","link":"https:\/\/www.ambienteyenergia.gob.ec\/ambiente\/22048\/","title":{"rendered":"MAE Chimborazo fortalece el Programa de Restauraci\u00f3n Forestal 2014"},"content":{"rendered":"<p align=\"JUSTIFY\"><span style=\"font-family: Arial, serif;\">El Ministerio del Ambiente del Ecuador (MAE), desarroll\u00f3 un taller <\/span><span style=\"font-family: Arial, serif;\">dirigido al equipo<\/span><span style=\"font-family: Arial, serif;\"> t\u00e9cnico de los 25 <\/span><span style=\"font-family: Arial, serif;\">Gobiernos Aut\u00f3nomos Descentralizados P<\/span><span style=\"font-family: Arial, serif;\">arroquiales <\/span><span style=\"font-family: Arial, serif;\">de las provincias de Chimborazo, Cotopaxi, Tungurahua y Pastaza, <\/span><span style=\"font-family: Arial, serif;\">con el objetivo de dar a conocer<\/span><span style=\"font-family: Arial, serif;\"> los lineamientos del convenio firmado para el Programa de Restauraci\u00f3n Forestal 2014 en el Ecuador.<\/span><\/p>\n<p align=\"JUSTIFY\"><span style=\"font-family: Arial, serif;\">70 representantes de los GAD<\/span><span style=\"font-family: Arial, serif;\"> fueron capacitados en la elaboraci\u00f3n de<\/span><span style=\"font-family: Arial, serif;\"> fichas, matriz de propuestas, cuadro de beneficiarios, compromisos referentes al Plan Nacional de Restauraci\u00f3n Forestal <\/span><span style=\"font-family: Arial, serif;\">que tiene como meta para este a\u00f1o, la reforestaci\u00f3n de 100 mil hect\u00e1reas a nivel nacional.<\/span><\/p>\n<p align=\"JUSTIFY\"><span style=\"font-family: Arial, serif;\">A<\/span><span style=\"font-family: Arial, serif;\">dem\u00e1s, <\/span><span style=\"font-family: Arial, serif;\">los participantes se familiarizaron con <\/span><span style=\"font-family: Arial, serif;\">los formato<\/span><span style=\"font-family: Arial, serif;\">s e informe<\/span><span style=\"font-family: Arial, serif;\"> de adquisici\u00f3n de plantas, ficha t\u00e9cnica de planificaci\u00f3n mensual, informe mensual de actividades, informe de socializaci\u00f3n <\/span><span style=\"font-family: Arial, serif;\">que tiene como<\/span><span style=\"font-family: Arial, serif;\"> finalidad <\/span><span style=\"font-family: Arial, serif;\">el cumplimiento del<\/span><span style=\"font-family: Arial, serif;\"> adecuado <\/span><span style=\"font-family: Arial, serif;\">de<\/span><span style=\"font-family: Arial, serif;\"> manejo de <\/span><span style=\"font-family: Arial, serif;\">informaci\u00f3n<\/span><span style=\"font-family: Arial, serif;\">para la<\/span><span style=\"font-family: Arial, serif;\"> primera y segunda etapa del programa.<\/span><\/p>\n<p align=\"JUSTIFY\"><span style=\"font-family: Arial, serif;\">En el 2014, el MAE ha financiado con <\/span><span style=\"font-family: Arial, serif;\">UDS.<\/span><span style=\"font-family: Arial, serif;\"> 5 574 667 <\/span><span style=\"font-family: Arial, serif;\">a los<\/span><span style=\"font-family: Arial, serif;\"> 25 GAD que firmaron el convenio para el <\/span><span style=\"font-family: Arial, serif;\">Plan Nacional de Restauraci\u00f3n Forestal, <\/span><span style=\"font-family: Arial, serif;\">para el <\/span><span style=\"font-family: Arial, serif;\">enriquecimiento de \u00e1reas con especies nativas y que recuper<\/span><span style=\"font-family: Arial, serif;\">aci\u00f3n de<\/span><span style=\"font-family: Arial, serif;\"> 7 518,50 hect\u00e1reas de suelos degradados. <\/span><\/p>\n<p align=\"JUSTIFY\"><span style=\"font-family: Arial, serif;\">Para el manejo eficiente y eficaz de los recursos <\/span><span style=\"font-family: Arial, serif;\">naturales y<\/span><span style=\"font-family: Arial, serif;\"> econ\u00f3micos, el MAE se <\/span><span style=\"font-family: Arial, serif;\">compromete a brindar apoyo a los GAD durante todo el proceso <\/span><span style=\"font-family: Arial, serif;\">de reforestaci\u00f3n y restauraci\u00f3n forestal<\/span><span style=\"font-family: Arial, serif;\">, <\/span><span style=\"font-family: Arial, serif;\">en el marco del desarrollo del Plan de Reforestaci\u00f3n que se<\/span><span style=\"font-family: Arial, serif;\"> desarrolla en <\/span><span style=\"font-family: Arial, serif;\">todo el pa\u00eds.<\/span><\/p>\n","protected":false},"excerpt":{"rendered":"<p class=\"excerpt\">El Ministerio del Ambiente del Ecuador (MAE), desarroll\u00f3 un taller dirigido al equipo t\u00e9cnico de los 25 Gobiernos Aut\u00f3nomos Descentralizados Parroquiales de las provincias de Chimborazo, Cotopaxi, Tungurahua y Pastaza, con el objetivo de dar a conocer los lineamientos del convenio firmado para el Programa de Restauraci\u00f3n Forestal 2014 en el Ecuador. 70 representantes de los GAD fueron capacitados en&hellip; <a href=\"https:\/\/www.ambienteyenergia.gob.ec\/ambiente\/22048\/\">Read more &rarr;<\/a><\/p>\n","protected":false},"author":13,"featured_media":22049,"comment_status":"open","ping_status":"open","sticky":false,"template":"","format":"standard","meta":{"footnotes":""},"categories":[16,4],"tags":[387],"class_list":["post-22048","post","type-post","status-publish","format-standard","has-post-thumbnail","hentry","category-comunicamos","category-noticias","tag-mae-lorena-tapia","xfolkentry"],"_links":{"self":[{"href":"https:\/\/www.ambienteyenergia.gob.ec\/ambiente\/wp-json\/wp\/v2\/posts\/22048","targetHints":{"allow":["GET"]}}],"collection":[{"href":"https:\/\/www.ambienteyenergia.gob.ec\/ambiente\/wp-json\/wp\/v2\/posts"}],"about":[{"href":"https:\/\/www.ambienteyenergia.gob.ec\/ambiente\/wp-json\/wp\/v2\/types\/post"}],"author":[{"embeddable":true,"href":"https:\/\/www.ambienteyenergia.gob.ec\/ambiente\/wp-json\/wp\/v2\/users\/13"}],"replies":[{"embeddable":true,"href":"https:\/\/www.ambienteyenergia.gob.ec\/ambiente\/wp-json\/wp\/v2\/comments?post=22048"}],"version-history":[{"count":0,"href":"https:\/\/www.ambienteyenergia.gob.ec\/ambiente\/wp-json\/wp\/v2\/posts\/22048\/revisions"}],"wp:featuredmedia":[{"embeddable":true,"href":"https:\/\/www.ambienteyenergia.gob.ec\/ambiente\/wp-json\/wp\/v2\/media\/22049"}],"wp:attachment":[{"href":"https:\/\/www.ambienteyenergia.gob.ec\/ambiente\/wp-json\/wp\/v2\/media?parent=22048"}],"wp:term":[{"taxonomy":"category","embeddable":true,"href":"https:\/\/www.ambienteyenergia.gob.ec\/ambiente\/wp-json\/wp\/v2\/categories?post=22048"},{"taxonomy":"post_tag","embeddable":true,"href":"https:\/\/www.ambienteyenergia.gob.ec\/ambiente\/wp-json\/wp\/v2\/tags?post=22048"}],"curies":[{"name":"wp","href":"https:\/\/api.w.org\/{rel}","templated":true}]}}