{"id":22044,"date":"2014-08-19T09:44:50","date_gmt":"2014-08-19T14:44:50","guid":{"rendered":"http:\/\/www.ambiente.gob.ec\/?p=22044"},"modified":"2014-08-19T09:44:50","modified_gmt":"2014-08-19T14:44:50","slug":"mae-celebra-dia-del-manglar-en-isla-trinitaria","status":"publish","type":"post","link":"https:\/\/www.ambienteyenergia.gob.ec\/ambiente\/mae-celebra-dia-del-manglar-en-isla-trinitaria\/","title":{"rendered":"MAE Celebra d\u00eda del Manglar en Isla Trinitaria"},"content":{"rendered":"<p class=\"western\" lang=\"es-EC\" align=\"JUSTIFY\"><span style=\"color: #000000;\">Continuando con la actividades de recuperaci\u00f3n del Estero Salado <\/span><span style=\"color: #000000;\">en el marco de la<\/span><span style=\"color: #000000;\"> celebraci\u00f3n del d\u00eda del Manglar, el Proyecto Guayaquil Ecol\u00f3gico \u2013 Componente Estero Salado, en colaboraci\u00f3n con <\/span><span style=\"color: #000000;\">el M<\/span><span style=\"color: #000000;\">inisterio <\/span><span style=\"color: #000000;\">de Desarrollo Urbano y Vivienda (<\/span><span style=\"color: #000000;\">MIDUVI<\/span><span style=\"color: #000000;\">)<\/span><span style=\"color: #000000;\">, <\/span><span style=\"color: #000000;\">Ministerio de <\/span><span style=\"color: #000000;\">Salud <\/span><span style=\"color: #000000;\">P\u00fablica (MSP)<\/span><span style=\"color: #000000;\">, <\/span><span style=\"color: #000000;\">Ministerio de Inclusi\u00f3n Econ\u00f3mica y Social (<\/span><span style=\"color: #000000;\">MIES<\/span><span style=\"color: #000000;\">)<\/span><span style=\"color: #000000;\"> y <\/span><span style=\"color: #000000;\">Ministerio de <\/span><span style=\"color: #000000;\">Educaci\u00f3n, se realizaron <\/span><span style=\"color: #000000;\">varias actividades l\u00fadicas y educativas<\/span><span style=\"color: #000000;\"> para los vecinos y habitantes de la cooperativa Nuevo Ecuador III en Isla <\/span><span style=\"color: #000000;\">T<\/span><span style=\"color: #000000;\">rinitaria.<\/span><\/p>\n<p class=\"western\" lang=\"es-EC\" align=\"JUSTIFY\"><span style=\"color: #000000;\">Est<\/span><span style=\"color: #000000;\">e barrio <\/span><span style=\"color: #000000;\">de la Isla Trinitaria limita con un tramo del estero Salado <\/span><span style=\"color: #000000;\">en donde se<\/span><span style=\"color: #000000;\"> encuentran parte de las 10 635 hect\u00e1reas de manglar que alberga el golfo de Guayaquil, <\/span><span style=\"color: #000000;\">condici\u00f3n que la ubica como un<\/span><span style=\"color: #000000;\"> escenario perfecto para hablar sobre la conservaci\u00f3n del mangle.<\/span><\/p>\n<p class=\"western\" lang=\"es-EC\" align=\"JUSTIFY\"><span style=\"color: #000000;\">Promotores ambientales <\/span><span style=\"color: #000000;\">de esta Cartera de Estado <\/span><span style=\"color: #000000;\">instalaron una carpa de informaci\u00f3n donde se socializ\u00f3 a los asistentes <\/span><span style=\"color: #000000;\">sobre <\/span><span style=\"color: #000000;\">las actividades que el proyecto Guayaquil Ecol\u00f3gico<\/span><span style=\"color: #000000;\"> ejecuta<\/span><span style=\"color: #000000;\"> en las riberas del Estero a favor de su recuperaci\u00f3n. <\/span><span style=\"color: #000000;\">A<\/span><span style=\"color: #000000;\">dem\u00e1s se <\/span><span style=\"color: #000000;\">impartieron<\/span><span style=\"color: #000000;\"> charlas sobre el correcto manejo de los desechos s\u00f3lidos.<\/span><\/p>\n<p class=\"western\" lang=\"es-EC\" align=\"JUSTIFY\"><span style=\"color: #000000;\">El Ministerio de Salud P\u00fablica, <\/span><span style=\"color: #000000;\">por su parte<\/span><span style=\"color: #000000;\"> brind<\/span><span style=\"color: #000000;\">\u00f3<\/span><span style=\"color: #000000;\"> atenci\u00f3n m\u00e9dica preventiva a alrededor de 200 habitantes <\/span><span style=\"color: #000000;\">de<\/span><span style=\"color: #000000;\"> este sector, entregando medicinas, vitaminas, <\/span><span style=\"color: #000000;\">a m\u00e1s<\/span><span style=\"color: #000000;\"> de la revisi\u00f3n de signos vitales, toma de pulso y vacunaci\u00f3n contra la influenza.<\/span><\/p>\n<p class=\"western\" lang=\"es-EC\" align=\"JUSTIFY\"><span style=\"color: #000000;\">Estas actividades forman parte de un cronograma que se ejecutar\u00e1 en varios sectores a lo largo del Estero Salado como parte del programa de educaci\u00f3n ambiental <\/span><span style=\"color: #000000;\">y recuperaci<\/span><span style=\"color: #000000;\">\u00f3<\/span><span style=\"color: #000000;\">n <\/span><span style=\"color: #000000;\"><span style=\"font-family: Times, serif;\"><span lang=\"en-US\">i<\/span><\/span><\/span><span style=\"color: #000000;\"><span style=\"font-family: Times, serif;\"><span lang=\"en-US\">n<\/span><\/span><\/span><span style=\"color: #000000;\"><span style=\"font-family: Times, serif;\"><span lang=\"en-US\">tegral<\/span><\/span><\/span><span style=\"color: #000000;\"><span style=\"font-family: Times, serif;\"> del Estero Salado, espacio ic\u00f3nico de la Perla del Pac\u00edfico<\/span><\/span><\/p>\n","protected":false},"excerpt":{"rendered":"<p class=\"excerpt\">Continuando con la actividades de recuperaci\u00f3n del Estero Salado en el marco de la celebraci\u00f3n del d\u00eda del Manglar, el Proyecto Guayaquil Ecol\u00f3gico \u2013 Componente Estero Salado, en colaboraci\u00f3n con el Ministerio de Desarrollo Urbano y Vivienda (MIDUVI), Ministerio de Salud P\u00fablica (MSP), Ministerio de Inclusi\u00f3n Econ\u00f3mica y Social (MIES) y Ministerio de Educaci\u00f3n, se realizaron varias actividades l\u00fadicas y&hellip; <a href=\"https:\/\/www.ambienteyenergia.gob.ec\/ambiente\/mae-celebra-dia-del-manglar-en-isla-trinitaria\/\">Read more &rarr;<\/a><\/p>\n","protected":false},"author":13,"featured_media":22045,"comment_status":"open","ping_status":"open","sticky":false,"template":"","format":"standard","meta":{"footnotes":""},"categories":[16,4],"tags":[387,127],"class_list":["post-22044","post","type-post","status-publish","format-standard","has-post-thumbnail","hentry","category-comunicamos","category-noticias","tag-mae-lorena-tapia","tag-manglar","xfolkentry"],"_links":{"self":[{"href":"https:\/\/www.ambienteyenergia.gob.ec\/ambiente\/wp-json\/wp\/v2\/posts\/22044","targetHints":{"allow":["GET"]}}],"collection":[{"href":"https:\/\/www.ambienteyenergia.gob.ec\/ambiente\/wp-json\/wp\/v2\/posts"}],"about":[{"href":"https:\/\/www.ambienteyenergia.gob.ec\/ambiente\/wp-json\/wp\/v2\/types\/post"}],"author":[{"embeddable":true,"href":"https:\/\/www.ambienteyenergia.gob.ec\/ambiente\/wp-json\/wp\/v2\/users\/13"}],"replies":[{"embeddable":true,"href":"https:\/\/www.ambienteyenergia.gob.ec\/ambiente\/wp-json\/wp\/v2\/comments?post=22044"}],"version-history":[{"count":0,"href":"https:\/\/www.ambienteyenergia.gob.ec\/ambiente\/wp-json\/wp\/v2\/posts\/22044\/revisions"}],"wp:featuredmedia":[{"embeddable":true,"href":"https:\/\/www.ambienteyenergia.gob.ec\/ambiente\/wp-json\/wp\/v2\/media\/22045"}],"wp:attachment":[{"href":"https:\/\/www.ambienteyenergia.gob.ec\/ambiente\/wp-json\/wp\/v2\/media?parent=22044"}],"wp:term":[{"taxonomy":"category","embeddable":true,"href":"https:\/\/www.ambienteyenergia.gob.ec\/ambiente\/wp-json\/wp\/v2\/categories?post=22044"},{"taxonomy":"post_tag","embeddable":true,"href":"https:\/\/www.ambienteyenergia.gob.ec\/ambiente\/wp-json\/wp\/v2\/tags?post=22044"}],"curies":[{"name":"wp","href":"https:\/\/api.w.org\/{rel}","templated":true}]}}