{"id":22041,"date":"2014-08-19T09:29:20","date_gmt":"2014-08-19T14:29:20","guid":{"rendered":"http:\/\/www.ambiente.gob.ec\/?p=22041"},"modified":"2014-08-19T09:29:20","modified_gmt":"2014-08-19T14:29:20","slug":"mae-coordino-limpieza-de-playas-en-cojimies","status":"publish","type":"post","link":"https:\/\/www.ambienteyenergia.gob.ec\/ambiente\/mae-coordino-limpieza-de-playas-en-cojimies\/","title":{"rendered":"MAE coordin\u00f3 limpieza de playas en Cojimies"},"content":{"rendered":"<p align=\"JUSTIFY\"><span style=\"font-family: 'Times New Roman', serif;\"><span style=\"font-size: medium;\"><span style=\"font-family: Arial, serif;\">El Ministerio del Ambiente (MAE) coordin\u00f3 una jornada de limpieza de playas en la Parroquia Cojimies perteneciente al cant\u00f3n Pedernales el pasado s\u00e1bado a <\/span><span style=\"font-family: Arial, serif;\">esta<\/span><span style=\"font-family: Arial, serif;\"> labor se sumaron cientos de ciudadanos.<\/span><\/span><\/span><\/p>\n<p align=\"JUSTIFY\"><span style=\"font-family: 'Times New Roman', serif;\"><span style=\"font-size: medium;\"><span style=\"font-family: Arial, serif;\">\u00c1ngelo Traverso, coordinador zonal 4 del MAE, resalt<\/span><span style=\"font-family: Arial, serif;\">\u00f3<\/span><span style=\"font-family: Arial, serif;\"> que esta Cartera de Estado como m\u00e1xima Autoridad Ambiental del pa\u00eds, entre sus actividades promueve <\/span><span style=\"font-family: Arial, serif;\">la conservaci\u00f3n y limpieza de los espacios tur\u00edsticos del pa\u00eds<\/span><span style=\"font-family: Arial, serif;\">, para <\/span><span style=\"font-family: Arial, serif;\">los visitantes<\/span><span style=\"font-family: Arial, serif;\"> nacionales y extranjeros sientan la comodidad de estar en un ambiente sano y natura<\/span><span style=\"font-family: Arial, serif;\">l.<\/span><\/span><\/span><\/p>\n<p align=\"JUSTIFY\"><span style=\"font-family: 'Times New Roman', serif;\"><span style=\"font-size: medium;\"><span style=\"font-family: Arial, serif;\">En esta jornada de trabajo, <\/span><span style=\"font-family: Arial, serif;\">t\u00e9cnicos de<\/span><span style=\"font-family: Arial, serif;\">l MAE<\/span><span style=\"font-family: Arial, serif;\"> ofrecieron una capacitaci\u00f3n de buenas pr\u00e1cticas ambientales a <\/span><span style=\"font-family: Arial, serif;\">cerca de<\/span><span style=\"font-family: Arial, serif;\"> 500 voluntarios que se sumaron a <\/span><span style=\"font-family: Arial, serif;\">esta<\/span><span style=\"font-family: Arial, serif;\"> labor. <\/span><span style=\"font-family: Arial, serif;\">Todos los participantes <\/span><span style=\"font-family: Arial, serif;\">trabajaron en un tramo de <\/span><span style=\"font-family: Arial, serif;\">tres<\/span><span style=\"font-family: Arial, serif;\"> kil\u00f3metros, <\/span><span style=\"font-family: Arial, serif;\">recolectando un total de<\/span><span style=\"font-family: Arial, serif;\">3<\/span><span style=\"font-family: Arial, serif;\"> mil kilos de basura, los mismos que fueron entregados al recolector de desechos s\u00f3lidos del GAD de Pedernales, para luego trasladarlos hasta el botadero municipal.<\/span><\/span><\/span><\/p>\n<p align=\"JUSTIFY\"><span style=\"font-family: Arial, serif;\">Los voluntarios se sintieron complacidos con la labor ejecutada, pues pudieron aportar al cuidado de las playas y crear conciencia en la poblaci\u00f3n sobre el manejo de los residuos.<\/span><\/p>\n<p align=\"JUSTIFY\"><span style=\"font-family: Arial, serif;\">En la jornada se repartieron bolsos ecol\u00f3gicos a los turistas con el objetivo de motivarlos a mantener limpias las playas. Asimismo, el MAE aprovech\u00f3 esta iniciativa para difundir mensajes de concienciaci\u00f3n en cuanto a la separaci\u00f3n de desechos antes de su disposici\u00f3n final, con el prop\u00f3sito de disminuir los niveles de desechos que se convierten en contaminaci\u00f3n y afectan a los ecosistemas.<\/span><\/p>\n","protected":false},"excerpt":{"rendered":"<p class=\"excerpt\">El Ministerio del Ambiente (MAE) coordin\u00f3 una jornada de limpieza de playas en la Parroquia Cojimies perteneciente al cant\u00f3n Pedernales el pasado s\u00e1bado a esta labor se sumaron cientos de ciudadanos. \u00c1ngelo Traverso, coordinador zonal 4 del MAE, resalt\u00f3 que esta Cartera de Estado como m\u00e1xima Autoridad Ambiental del pa\u00eds, entre sus actividades promueve la conservaci\u00f3n y limpieza de los&hellip; <a href=\"https:\/\/www.ambienteyenergia.gob.ec\/ambiente\/mae-coordino-limpieza-de-playas-en-cojimies\/\">Read more &rarr;<\/a><\/p>\n","protected":false},"author":13,"featured_media":22042,"comment_status":"open","ping_status":"open","sticky":false,"template":"","format":"standard","meta":{"footnotes":""},"categories":[16,4],"tags":[541,387,60,418],"class_list":["post-22041","post","type-post","status-publish","format-standard","has-post-thumbnail","hentry","category-comunicamos","category-noticias","tag-cojimies","tag-mae-lorena-tapia","tag-manabi","tag-playas-limpias","xfolkentry"],"_links":{"self":[{"href":"https:\/\/www.ambienteyenergia.gob.ec\/ambiente\/wp-json\/wp\/v2\/posts\/22041","targetHints":{"allow":["GET"]}}],"collection":[{"href":"https:\/\/www.ambienteyenergia.gob.ec\/ambiente\/wp-json\/wp\/v2\/posts"}],"about":[{"href":"https:\/\/www.ambienteyenergia.gob.ec\/ambiente\/wp-json\/wp\/v2\/types\/post"}],"author":[{"embeddable":true,"href":"https:\/\/www.ambienteyenergia.gob.ec\/ambiente\/wp-json\/wp\/v2\/users\/13"}],"replies":[{"embeddable":true,"href":"https:\/\/www.ambienteyenergia.gob.ec\/ambiente\/wp-json\/wp\/v2\/comments?post=22041"}],"version-history":[{"count":0,"href":"https:\/\/www.ambienteyenergia.gob.ec\/ambiente\/wp-json\/wp\/v2\/posts\/22041\/revisions"}],"wp:featuredmedia":[{"embeddable":true,"href":"https:\/\/www.ambienteyenergia.gob.ec\/ambiente\/wp-json\/wp\/v2\/media\/22042"}],"wp:attachment":[{"href":"https:\/\/www.ambienteyenergia.gob.ec\/ambiente\/wp-json\/wp\/v2\/media?parent=22041"}],"wp:term":[{"taxonomy":"category","embeddable":true,"href":"https:\/\/www.ambienteyenergia.gob.ec\/ambiente\/wp-json\/wp\/v2\/categories?post=22041"},{"taxonomy":"post_tag","embeddable":true,"href":"https:\/\/www.ambienteyenergia.gob.ec\/ambiente\/wp-json\/wp\/v2\/tags?post=22041"}],"curies":[{"name":"wp","href":"https:\/\/api.w.org\/{rel}","templated":true}]}}