{"id":22039,"date":"2014-08-18T21:18:18","date_gmt":"2014-08-19T02:18:18","guid":{"rendered":"http:\/\/www.ambiente.gob.ec\/?p=22039"},"modified":"2014-08-18T21:18:18","modified_gmt":"2014-08-19T02:18:18","slug":"mae-identifico-fuentes-de-contaminacion-en-los-rios-chiguilpe-y-verde","status":"publish","type":"post","link":"https:\/\/www.ambienteyenergia.gob.ec\/ambiente\/mae-identifico-fuentes-de-contaminacion-en-los-rios-chiguilpe-y-verde\/","title":{"rendered":"MAE identific\u00f3 fuentes de contaminaci\u00f3n en los r\u00edos Chiguilpe y Verde"},"content":{"rendered":"<p style=\"text-align: justify;\">El Ministerio del Ambiente de Ecuador (MAE), a trav\u00e9s de la Direcci\u00f3n Provincial del Ambiente de Santo\u00a0Domingo\u00a0de los Ts\u00e1chilas realiz\u00f3 un operativo de control y monitoreo sobre el r\u00edo Chiguilpe y r\u00edo Verde, que presentaba se\u00f1ales de contaminaci\u00f3n debido a la presencia de peces muertos.<\/p>\n<p style=\"text-align: justify;\">Durante el recorrido, un\u00a0t\u00e9cnico de la Unidad de Calidad junto con miembros de la comunidad afectada, evidenciaron una capa gruesa aceitosa y lodosa sobre las aguas del r\u00edo Chiguilpe, que se presume es producto de la descarga directa de las aguas servidas y piscinas de oxidaci\u00f3n de conjuntos residenciales, talleres automotrices, lavadoras y lubricadoras, adem\u00e1s de f\u00e1bricas artesanales de productos de limpieza y aromatizantes, las cuales van directamente al r\u00edo Verde.<\/p>\n<p style=\"text-align: justify;\">Una vez concluido el trabajo de monitoreo, esta Cartera de Estado\u00a0notificar\u00e1 a todos los involucrados en la contaminaci\u00f3n de los r\u00edos de la provincia Ts\u00e1chila con el fin de que inicien el proceso de regularizaci\u00f3n ambiental en un t\u00e9rmino perentorio de no m\u00e1s de 30 d\u00edas, seg\u00fan lo establece la Normativa Ambiental Vigente.<\/p>\n<p style=\"text-align: justify;\">Coordinar\u00e1 acciones interinstitucionales con la finalidad de identificar y sancionar a los responsables de la contaminaci\u00f3n, que afecta no solo al ambiente, sino que es un potencial peligro para las personas que habitan en sus alrededores y dependen de manera directa o indirecta de estas fuentes h\u00eddricas.<\/p>\n<p style=\"text-align: justify;\">Se prev\u00e9 adem\u00e1s iniciar con el proceso de monitoreo de aguas a lo largo de los r\u00edos Chiguilpe y Verde para determinar la contaminaci\u00f3n de los mismos, por medio de la recolecci\u00f3n de muestras de aguas y sedimentos, con el fin de determinar el grado de afectaci\u00f3n y los elementos que m\u00e1s degradan los r\u00edos Ts\u00e1chilas.<\/p>\n","protected":false},"excerpt":{"rendered":"<p class=\"excerpt\">El Ministerio del Ambiente de Ecuador (MAE), a trav\u00e9s de la Direcci\u00f3n Provincial del Ambiente de Santo\u00a0Domingo\u00a0de los Ts\u00e1chilas realiz\u00f3 un operativo de control y monitoreo sobre el r\u00edo Chiguilpe y r\u00edo Verde, que presentaba se\u00f1ales de contaminaci\u00f3n debido a la presencia de peces muertos. Durante el recorrido, un\u00a0t\u00e9cnico de la Unidad de Calidad junto con miembros de la comunidad&hellip; <a href=\"https:\/\/www.ambienteyenergia.gob.ec\/ambiente\/mae-identifico-fuentes-de-contaminacion-en-los-rios-chiguilpe-y-verde\/\">Read more &rarr;<\/a><\/p>\n","protected":false},"author":13,"featured_media":20789,"comment_status":"open","ping_status":"open","sticky":false,"template":"","format":"standard","meta":{"footnotes":""},"categories":[16,4],"tags":[387,540,382],"class_list":["post-22039","post","type-post","status-publish","format-standard","has-post-thumbnail","hentry","category-comunicamos","category-noticias","tag-mae-lorena-tapia","tag-rios","tag-santo-domingo-de-los-tsachilas","xfolkentry"],"_links":{"self":[{"href":"https:\/\/www.ambienteyenergia.gob.ec\/ambiente\/wp-json\/wp\/v2\/posts\/22039","targetHints":{"allow":["GET"]}}],"collection":[{"href":"https:\/\/www.ambienteyenergia.gob.ec\/ambiente\/wp-json\/wp\/v2\/posts"}],"about":[{"href":"https:\/\/www.ambienteyenergia.gob.ec\/ambiente\/wp-json\/wp\/v2\/types\/post"}],"author":[{"embeddable":true,"href":"https:\/\/www.ambienteyenergia.gob.ec\/ambiente\/wp-json\/wp\/v2\/users\/13"}],"replies":[{"embeddable":true,"href":"https:\/\/www.ambienteyenergia.gob.ec\/ambiente\/wp-json\/wp\/v2\/comments?post=22039"}],"version-history":[{"count":0,"href":"https:\/\/www.ambienteyenergia.gob.ec\/ambiente\/wp-json\/wp\/v2\/posts\/22039\/revisions"}],"wp:featuredmedia":[{"embeddable":true,"href":"https:\/\/www.ambienteyenergia.gob.ec\/ambiente\/wp-json\/wp\/v2\/media\/20789"}],"wp:attachment":[{"href":"https:\/\/www.ambienteyenergia.gob.ec\/ambiente\/wp-json\/wp\/v2\/media?parent=22039"}],"wp:term":[{"taxonomy":"category","embeddable":true,"href":"https:\/\/www.ambienteyenergia.gob.ec\/ambiente\/wp-json\/wp\/v2\/categories?post=22039"},{"taxonomy":"post_tag","embeddable":true,"href":"https:\/\/www.ambienteyenergia.gob.ec\/ambiente\/wp-json\/wp\/v2\/tags?post=22039"}],"curies":[{"name":"wp","href":"https:\/\/api.w.org\/{rel}","templated":true}]}}