{"id":22031,"date":"2014-08-18T16:50:12","date_gmt":"2014-08-18T21:50:12","guid":{"rendered":"http:\/\/www.ambiente.gob.ec\/?p=22031"},"modified":"2014-08-18T17:03:30","modified_gmt":"2014-08-18T22:03:30","slug":"sector-la-loberia-en-reserva-puntilla-de-santa-elena-estara-cerrado-temporalmente","status":"publish","type":"post","link":"https:\/\/www.ambienteyenergia.gob.ec\/ambiente\/sector-la-loberia-en-reserva-puntilla-de-santa-elena-estara-cerrado-temporalmente\/","title":{"rendered":"Sector La Lober\u00eda en Reserva Puntilla de Santa Elena estar\u00e1 cerrado temporalmente"},"content":{"rendered":"<p style=\"text-align: justify;\">Con el objetivo de mejorar los servicios tur\u00edsticos y garantizar la seguridad de los visitantes, el Ministerio del Ambiente del Ecuador (MAE) iniciar\u00e1 trabajos de adecuaci\u00f3n y construcci\u00f3n en el sector La Lober\u00eda, ubicado en Reserva de Producci\u00f3n de Fauna Marina Costera Puntilla de Santa Elena. Por esa raz\u00f3n, esta zona permanecer\u00e1 cerrada al p\u00fablico desde el\u00a020 de agosto\u00a0hasta el pr\u00f3ximo\u00a030 de septiembre\u00a0de 2014.<\/p>\n<p style=\"text-align: justify;\">Durante este tiempo, en La Lober\u00eda se construir\u00e1n un sendero peatonal- ciclov\u00eda y un mirador. Esta infraestructura, que es parte de la segunda fase de facilidades tur\u00edsticas que est\u00e1 implementado el MAE, a trav\u00e9s del Programa de Apoyo al SNAP (Sistema Nacional de \u00c1reas Protegidas),\u00a0 mantendr\u00e1n el mismo concepto de La Chocolatera, otro de los sitios de la Reserva Puntilla de Santa Elena.<\/p>\n<p style=\"text-align: justify;\">El recorrido de 3,2 km que conectar\u00e1 La Lober\u00eda con la Chocolatera tendr\u00e1 dos tipos de intervenciones: una pasarela elevada y un sendero con bordillo de piedra, para facilitar el tr\u00e1nsito de peatones y ciclistas. \u00a0Adem\u00e1s, contar\u00e1 con dos casetas de descanso.<\/p>\n<p style=\"text-align: justify;\">\u201cEstas obras son el resultado de un proceso de mejoramiento continuo que pretende \u00a0lograr un desarrollo arm\u00f3nico entre la preservaci\u00f3n, conservaci\u00f3n y el aprovechamiento de los recursos naturales, y el mantenimiento de contexto paisaj\u00edstico del \u00e1rea protegida\u201d, recalca la Ministra del Ambiente, Lorena Tapia. Asimismo, busca incrementar una actividad tur\u00edstica sustentable para las comunidades locales, mediante la recuperaci\u00f3n de los ecosistemas, educaci\u00f3n ambiental, \u00a0adem\u00e1s, el control y vigilancia.<\/p>\n<p style=\"text-align: justify;\">Como alternativa, el Ministerio del Ambiente recomienda a los turistas, visitar el sector de la Chocolatera donde encontrar\u00e1n todos los servicios y la seguridad para que puedan disfrutar del \u00e1rea protegida.<\/p>\n<p style=\"text-align: justify;\">Esta Cartera de Estado lamenta las molestias causadas y apela a su comprensi\u00f3n, con la finalidad de \u00a0brindar un mejor servicio.<\/p>\n<p style=\"text-align: justify;\"><strong>La Reserva<\/strong><\/p>\n<p style=\"text-align: justify;\">La Reserva de Producci\u00f3n de Fauna Marina Costera Puntilla de Santa Elena fue creada \u00a0el\u00a023 de septiembre\u00a0de 2008. Actualmente, cuenta con sitios de visita como La Chocolatera,\u00a0 las Playas de\u00a0Mar\u00a0Bravo y Punta Carnero, y La Lober\u00eda (cerrada de temporalmente). Se han identificado sitios de visita potenciales como el mirador del cerro La Puntilla y un circuito entre las playas de Tres Cruces y Punta Brava.<\/p>\n<p style=\"text-align: justify;\">El horario de visita se ha ajustado, desde las 06:00 hasta las 19:00, con horario de uso hasta las 20:00.<\/p>\n<p style=\"text-align: justify;\"><strong>Facilidades tur\u00edsticas \u00a0implementadas<\/strong><\/p>\n<p style=\"text-align: justify;\">La infraestructura ha sido mejorada para dar seguridad a los visitantes, en horarios de la tarde y noche. Se han iluminado senderos, cafeter\u00eda y bater\u00edas sanitarias; y se han incrementado se\u00f1al\u00e9ticas y barandas de seguridad.<\/p>\n","protected":false},"excerpt":{"rendered":"<p class=\"excerpt\">Con el objetivo de mejorar los servicios tur\u00edsticos y garantizar la seguridad de los visitantes, el Ministerio del Ambiente del Ecuador (MAE) iniciar\u00e1 trabajos de adecuaci\u00f3n y construcci\u00f3n en el sector La Lober\u00eda, ubicado en Reserva de Producci\u00f3n de Fauna Marina Costera Puntilla de Santa Elena. Por esa raz\u00f3n, esta zona permanecer\u00e1 cerrada al p\u00fablico desde el\u00a020 de agosto\u00a0hasta el&hellip; <a href=\"https:\/\/www.ambienteyenergia.gob.ec\/ambiente\/sector-la-loberia-en-reserva-puntilla-de-santa-elena-estara-cerrado-temporalmente\/\">Read more &rarr;<\/a><\/p>\n","protected":false},"author":13,"featured_media":22032,"comment_status":"open","ping_status":"open","sticky":false,"template":"","format":"standard","meta":{"footnotes":""},"categories":[16,4,1],"tags":[539,53],"class_list":["post-22031","post","type-post","status-publish","format-standard","has-post-thumbnail","hentry","category-comunicamos","category-noticias","category-sin-categoria","tag-chocolatera","tag-mae","xfolkentry"],"_links":{"self":[{"href":"https:\/\/www.ambienteyenergia.gob.ec\/ambiente\/wp-json\/wp\/v2\/posts\/22031","targetHints":{"allow":["GET"]}}],"collection":[{"href":"https:\/\/www.ambienteyenergia.gob.ec\/ambiente\/wp-json\/wp\/v2\/posts"}],"about":[{"href":"https:\/\/www.ambienteyenergia.gob.ec\/ambiente\/wp-json\/wp\/v2\/types\/post"}],"author":[{"embeddable":true,"href":"https:\/\/www.ambienteyenergia.gob.ec\/ambiente\/wp-json\/wp\/v2\/users\/13"}],"replies":[{"embeddable":true,"href":"https:\/\/www.ambienteyenergia.gob.ec\/ambiente\/wp-json\/wp\/v2\/comments?post=22031"}],"version-history":[{"count":0,"href":"https:\/\/www.ambienteyenergia.gob.ec\/ambiente\/wp-json\/wp\/v2\/posts\/22031\/revisions"}],"wp:featuredmedia":[{"embeddable":true,"href":"https:\/\/www.ambienteyenergia.gob.ec\/ambiente\/wp-json\/wp\/v2\/media\/22032"}],"wp:attachment":[{"href":"https:\/\/www.ambienteyenergia.gob.ec\/ambiente\/wp-json\/wp\/v2\/media?parent=22031"}],"wp:term":[{"taxonomy":"category","embeddable":true,"href":"https:\/\/www.ambienteyenergia.gob.ec\/ambiente\/wp-json\/wp\/v2\/categories?post=22031"},{"taxonomy":"post_tag","embeddable":true,"href":"https:\/\/www.ambienteyenergia.gob.ec\/ambiente\/wp-json\/wp\/v2\/tags?post=22031"}],"curies":[{"name":"wp","href":"https:\/\/api.w.org\/{rel}","templated":true}]}}