{"id":22023,"date":"2014-08-15T20:28:49","date_gmt":"2014-08-16T01:28:49","guid":{"rendered":"http:\/\/www.ambiente.gob.ec\/?p=22023"},"modified":"2014-08-18T15:44:07","modified_gmt":"2014-08-18T20:44:07","slug":"mae-realizo-operativo-para-suspender-actividades-en-canteras-de-san-antonio-de-pichincha","status":"publish","type":"post","link":"https:\/\/www.ambienteyenergia.gob.ec\/ambiente\/mae-realizo-operativo-para-suspender-actividades-en-canteras-de-san-antonio-de-pichincha\/","title":{"rendered":"MAE realiz\u00f3 operativo para suspender actividades en canteras de San Antonio de Pichincha"},"content":{"rendered":"<p style=\"text-align: justify;\"><span style=\"color: #000000;\">Desde las 10:00 de\u00a0<\/span><span id=\"OBJ_PREFIX_DWT7184_com_zimbra_date\" class=\"Object\" style=\"color: #00008b;\"><span id=\"OBJ_PREFIX_DWT7186_com_zimbra_date\" class=\"Object\" style=\"color: #00008b;\">este jueves<\/span><\/span><span style=\"color: #000000;\">\u00a0<\/span><span id=\"OBJ_PREFIX_DWT7185_com_zimbra_date\" class=\"Object\" style=\"color: #00008b;\"><span id=\"OBJ_PREFIX_DWT7187_com_zimbra_date\" class=\"Object\" style=\"color: #00008b;\">14 de agosto<\/span><\/span><span style=\"color: #000000;\">, personal especializado del Ministerio del Ambiente (MAE) se dirigi\u00f3 a la sede del Grupo de Intervenci\u00f3n y Rescate (GIR), en el sector de Pusuqu\u00ed, para brindar apoyo en el \u201cOperativo Hemisferio\u201d con el fin de suspender indefinidamente las actividades en las canteras de explotaci\u00f3n p\u00e9trea de San Antonio de Pichincha. Esta medida fue tomada por el decreto de emergencia emitido por la Secretar\u00eda Nacional de Gesti\u00f3n de Riesgos (SNGR) frente al peligro que existe en el \u00e1rea por los movimientos tel\u00faricos acaecidos en los \u00faltimos d\u00edas en ese sector.<\/span><span style=\"color: #000000;\">\u00a0<\/span><br style=\"color: #000000;\" \/><span style=\"color: #000000;\">Aproximadamente un contingente de 800 uniformados y funcionarios se movilizaron en este procedimiento interinstitucional en el que particip\u00f3 el MAE, conjuntamente con la Agencia de Regulaci\u00f3n y Control Minero, Secretar\u00eda del Ambiente del Distrito Metropolitano de Quito, Secretar\u00eda Nacional de Gesti\u00f3n de Riesgos, Fiscal\u00eda General del Estado, Polic\u00eda Metropolitana de Quito, Polic\u00eda Nacional y Fuerzas Armadas.<\/span><span style=\"color: #000000;\">\u00a0<\/span><br style=\"color: #000000;\" \/><span style=\"color: #000000;\">A partir de las 15:00 el convoy motorizado inici\u00f3 el operativo hacia las canteras de Caspigas\u00ed del Carmen y Tanlahua de la parroquia de San Antonio de Pichincha. La actividad extractiva en la zona fue suspendida en su totalidad por el alto riesgo existente independientemente de la condici\u00f3n legal de las canteras.<\/span><span style=\"color: #000000;\">\u00a0<\/span><\/p>\n<p style=\"text-align: justify;\"><span style=\"color: #000000;\">Especialistas jur\u00eddicos y ambientales de esta Cartera de Estado realizaron levantamiento de informaci\u00f3n entre coordenadas de ubicaci\u00f3n y verificaci\u00f3n de presencia de actividad ilegal en el denominado Cintur\u00f3n Verde de Quito. Ra\u00fal Gua\u00f1a, Coordinador Jur\u00eddico recalc\u00f3 \u201cse establecieron 15 equipos interinstitucionales para cubrir los cerca de 33 puntos que se intervinieron el d\u00eda de\u00a0<\/span><span id=\"OBJ_PREFIX_DWT7188_com_zimbra_date\" class=\"Object\" style=\"color: #00008b;\"><span id=\"OBJ_PREFIX_DWT7189_com_zimbra_date\" class=\"Object\" style=\"color: #00008b;\">hoy<\/span><\/span><span style=\"color: #000000;\">\u201d.<\/span><span style=\"color: #000000;\">\u00a0<\/span><\/p>\n<p style=\"text-align: justify;\"><span style=\"color: #000000;\">Adem\u00e1s, el Coronel Ramiro Mantilla, Comandante de la Polic\u00eda del Distrito Metropolitano de Quito, comunic\u00f3 que uniformados realizar\u00e1n el control permanente de los accesos y la prohibici\u00f3n del ingreso de volquetas a las canteras. Adicionalmente, personal armado vigilar\u00e1n los puntos suspendidos para evitar que se desarrolle cualquier tipo de actividad que ponga en peligro la vida de trabajadores y pobladores de la zona.<\/span><span style=\"color: #000000;\">\u00a0<\/span><\/p>\n","protected":false},"excerpt":{"rendered":"<p class=\"excerpt\">Desde las 10:00 de\u00a0este jueves\u00a014 de agosto, personal especializado del Ministerio del Ambiente (MAE) se dirigi\u00f3 a la sede del Grupo de Intervenci\u00f3n y Rescate (GIR), en el sector de Pusuqu\u00ed, para brindar apoyo en el \u201cOperativo Hemisferio\u201d con el fin de suspender indefinidamente las actividades en las canteras de explotaci\u00f3n p\u00e9trea de San Antonio de Pichincha. Esta medida fue&hellip; <a href=\"https:\/\/www.ambienteyenergia.gob.ec\/ambiente\/mae-realizo-operativo-para-suspender-actividades-en-canteras-de-san-antonio-de-pichincha\/\">Read more &rarr;<\/a><\/p>\n","protected":false},"author":13,"featured_media":22024,"comment_status":"open","ping_status":"open","sticky":false,"template":"","format":"standard","meta":{"footnotes":""},"categories":[16,4],"tags":[538,387,49],"class_list":["post-22023","post","type-post","status-publish","format-standard","has-post-thumbnail","hentry","category-comunicamos","category-noticias","tag-canteras","tag-mae-lorena-tapia","tag-quito","xfolkentry"],"_links":{"self":[{"href":"https:\/\/www.ambienteyenergia.gob.ec\/ambiente\/wp-json\/wp\/v2\/posts\/22023","targetHints":{"allow":["GET"]}}],"collection":[{"href":"https:\/\/www.ambienteyenergia.gob.ec\/ambiente\/wp-json\/wp\/v2\/posts"}],"about":[{"href":"https:\/\/www.ambienteyenergia.gob.ec\/ambiente\/wp-json\/wp\/v2\/types\/post"}],"author":[{"embeddable":true,"href":"https:\/\/www.ambienteyenergia.gob.ec\/ambiente\/wp-json\/wp\/v2\/users\/13"}],"replies":[{"embeddable":true,"href":"https:\/\/www.ambienteyenergia.gob.ec\/ambiente\/wp-json\/wp\/v2\/comments?post=22023"}],"version-history":[{"count":0,"href":"https:\/\/www.ambienteyenergia.gob.ec\/ambiente\/wp-json\/wp\/v2\/posts\/22023\/revisions"}],"wp:featuredmedia":[{"embeddable":true,"href":"https:\/\/www.ambienteyenergia.gob.ec\/ambiente\/wp-json\/wp\/v2\/media\/22024"}],"wp:attachment":[{"href":"https:\/\/www.ambienteyenergia.gob.ec\/ambiente\/wp-json\/wp\/v2\/media?parent=22023"}],"wp:term":[{"taxonomy":"category","embeddable":true,"href":"https:\/\/www.ambienteyenergia.gob.ec\/ambiente\/wp-json\/wp\/v2\/categories?post=22023"},{"taxonomy":"post_tag","embeddable":true,"href":"https:\/\/www.ambienteyenergia.gob.ec\/ambiente\/wp-json\/wp\/v2\/tags?post=22023"}],"curies":[{"name":"wp","href":"https:\/\/api.w.org\/{rel}","templated":true}]}}