{"id":22013,"date":"2014-08-17T09:11:51","date_gmt":"2014-08-17T14:11:51","guid":{"rendered":"http:\/\/www.ambiente.gob.ec\/?p=22013"},"modified":"2014-08-18T11:16:31","modified_gmt":"2014-08-18T16:16:31","slug":"playas-ya-cuenta-con-su-plan-de-manejo","status":"publish","type":"post","link":"https:\/\/www.ambienteyenergia.gob.ec\/ambiente\/playas-ya-cuenta-con-su-plan-de-manejo\/","title":{"rendered":"Playas ya cuenta con su plan de manejo"},"content":{"rendered":"<p class=\"western\" style=\"text-align: justify;\" align=\"JUSTIFY\"><span style=\"font-family: Arial, serif;\">La Viceministra del Ambiente, Lorena S\u00e1nchez, realiz\u00f3 la entrega del Plan de Manejo Ambiental del \u00c1rea Nacional de Recreaci\u00f3n Playas de Villamil, a la Alcaldesa del Cant\u00f3n Playas, Miriam Lucas Delgado, el que permitir\u00e1 regular y controlar todas las actividades que se realizan dentro de este espacio natural.<\/span><\/p>\n<p class=\"western\" lang=\"en-US\" style=\"text-align: justify;\" align=\"JUSTIFY\"><a name=\"_GoBack\"><\/a> <span style=\"font-family: Arial, serif;\"><span lang=\"es-EC\">La entrega se efectu\u00f3 en el marco de la Sesi\u00f3n Solemne por el XXV Aniversario de <\/span><\/span><span style=\"font-family: Arial, serif;\"><span lang=\"es-EC\">c<\/span><\/span><span style=\"font-family: Arial, serif;\"><span lang=\"es-EC\">antonizaci\u00f3n de Playas, balneario importante y din\u00e1mico de la Provincia de Guayas.<\/span><\/span><\/p>\n<p class=\"western\" style=\"text-align: justify;\" align=\"JUSTIFY\"><span style=\"font-family: Arial, serif;\">Con este plan de manejo, se establece la normativa necesaria para la protecci\u00f3n de los diferentes ecosistemas y biodiversidad que confluyen en este para\u00edso marino costero que alcanza un total de 2 384,12 hect\u00e1reas (ha), entre terrestres y marinas.<\/span><\/p>\n<p class=\"western\" style=\"text-align: justify;\" align=\"JUSTIFY\"><span style=\"font-family: Arial, serif;\">La Viceministra destac\u00f3 el trabajo realizado por esta Cartera de Estado, para proteger los Derechos de la Naturaleza, tal como lo establece la Constituci\u00f3n de la Rep\u00fablica y ofreciendo a los lugare\u00f1os y turistas nacionales e internacionales un balneario adecuado para el disfrute de todos.<\/span><\/p>\n<p class=\"western\" lang=\"en-US\" style=\"text-align: justify;\" align=\"JUSTIFY\"><span style=\"font-family: Arial, serif;\"><span lang=\"es-EC\">No obstante, S\u00e1nchez recalc\u00f3 que e<\/span><\/span><span style=\"font-family: Arial, serif;\"><span lang=\"es-EC\">ste<\/span><\/span><span style=\"font-family: Arial, serif;\"><span lang=\"es-EC\"> trabajo ser\u00e1 mancomunado entre el Municipio de Playas y el Ministerio del Ambiente, para alcanzar la recuperaci\u00f3n y mantenimiento del \u00e1rea protegida.<\/span><\/span><\/p>\n<p class=\"western\" style=\"text-align: justify;\" align=\"JUSTIFY\"><span style=\"font-family: Arial, serif;\">Durante su intervenci\u00f3n, el Gobernador de Guayas, Rolando Panchana Farra, exalt\u00f3 la importancia de contar con el plan de manejo, siendo esta una herramienta que permitir\u00e1 poner mano dura en la localidad que ha sido tierra de nadie.<\/span><\/p>\n<p class=\"western\" style=\"text-align: justify;\" align=\"JUSTIFY\"><span style=\"font-family: Arial, serif;\">El representante del Presidente en la Provincia hizo un llamado a la ciudadan\u00eda y a las autoridades presentes para cumplir con la normativa y velar por su aplicaci\u00f3n. Sin dudarlo, comprometi\u00f3 al representante de la Polic\u00eda Nacional en la localidad y al Director Provincial del Ambiente de Guayas, Pablo Segale, a trabajar arduamente para que lo establecido en el Plan de Manejo se cumpla.\u00a0<\/span><\/p>\n","protected":false},"excerpt":{"rendered":"<p class=\"excerpt\">La Viceministra del Ambiente, Lorena S\u00e1nchez, realiz\u00f3 la entrega del Plan de Manejo Ambiental del \u00c1rea Nacional de Recreaci\u00f3n Playas de Villamil, a la Alcaldesa del Cant\u00f3n Playas, Miriam Lucas Delgado, el que permitir\u00e1 regular y controlar todas las actividades que se realizan dentro de este espacio natural. La entrega se efectu\u00f3 en el marco de la Sesi\u00f3n Solemne por&hellip; <a href=\"https:\/\/www.ambienteyenergia.gob.ec\/ambiente\/playas-ya-cuenta-con-su-plan-de-manejo\/\">Read more &rarr;<\/a><\/p>\n","protected":false},"author":13,"featured_media":22015,"comment_status":"open","ping_status":"open","sticky":false,"template":"","format":"standard","meta":{"footnotes":""},"categories":[16,4],"tags":[],"class_list":["post-22013","post","type-post","status-publish","format-standard","has-post-thumbnail","hentry","category-comunicamos","category-noticias","xfolkentry"],"_links":{"self":[{"href":"https:\/\/www.ambienteyenergia.gob.ec\/ambiente\/wp-json\/wp\/v2\/posts\/22013","targetHints":{"allow":["GET"]}}],"collection":[{"href":"https:\/\/www.ambienteyenergia.gob.ec\/ambiente\/wp-json\/wp\/v2\/posts"}],"about":[{"href":"https:\/\/www.ambienteyenergia.gob.ec\/ambiente\/wp-json\/wp\/v2\/types\/post"}],"author":[{"embeddable":true,"href":"https:\/\/www.ambienteyenergia.gob.ec\/ambiente\/wp-json\/wp\/v2\/users\/13"}],"replies":[{"embeddable":true,"href":"https:\/\/www.ambienteyenergia.gob.ec\/ambiente\/wp-json\/wp\/v2\/comments?post=22013"}],"version-history":[{"count":0,"href":"https:\/\/www.ambienteyenergia.gob.ec\/ambiente\/wp-json\/wp\/v2\/posts\/22013\/revisions"}],"wp:featuredmedia":[{"embeddable":true,"href":"https:\/\/www.ambienteyenergia.gob.ec\/ambiente\/wp-json\/wp\/v2\/media\/22015"}],"wp:attachment":[{"href":"https:\/\/www.ambienteyenergia.gob.ec\/ambiente\/wp-json\/wp\/v2\/media?parent=22013"}],"wp:term":[{"taxonomy":"category","embeddable":true,"href":"https:\/\/www.ambienteyenergia.gob.ec\/ambiente\/wp-json\/wp\/v2\/categories?post=22013"},{"taxonomy":"post_tag","embeddable":true,"href":"https:\/\/www.ambienteyenergia.gob.ec\/ambiente\/wp-json\/wp\/v2\/tags?post=22013"}],"curies":[{"name":"wp","href":"https:\/\/api.w.org\/{rel}","templated":true}]}}