{"id":22008,"date":"2014-08-18T11:05:24","date_gmt":"2014-08-18T16:05:24","guid":{"rendered":"http:\/\/www.ambiente.gob.ec\/?p=22008"},"modified":"2014-08-18T11:13:31","modified_gmt":"2014-08-18T16:13:31","slug":"mae-cotopaxi-rescato-a-un-olinguito-gracias-a-la-ayuda-ciudadana","status":"publish","type":"post","link":"https:\/\/www.ambienteyenergia.gob.ec\/ambiente\/mae-cotopaxi-rescato-a-un-olinguito-gracias-a-la-ayuda-ciudadana\/","title":{"rendered":"MAE Cotopaxi rescat\u00f3 a un olinguito gracias a la ayuda ciudadana"},"content":{"rendered":"<p style=\"text-align: justify;\">Gracias a la r\u00e1pida intervenci\u00f3n y colaboraci\u00f3n de un ciudadano salcedense, el Ministerio del Ambiente (MAE), a trav\u00e9s de su Direcci\u00f3n Provincial en Cotopaxi, pudo rescatar y trasladar al hospital veterinario a un olinguito <em>(Bassaricyon neblina)<\/em> que se encontraba en p\u00e9simo estado de salud, y que fue atendido de manera inmediata.<\/p>\n<p style=\"text-align: justify;\">Este ejemplar, perteneciente a una especie descubierta reci\u00e9ntame en nuestro pa\u00eds, fue encontrado por Brandon Barros en el mercado del cant\u00f3n Salcedo (Cotopaxi), en condiciones de desnutrici\u00f3n y deshidrataci\u00f3n. Luego de brindarle cuidados b\u00e1sicos, el ciudadano inform\u00f3 al MAE sobre la situaci\u00f3n del esp\u00e9cimen.<\/p>\n<p style=\"text-align: justify;\">Funcionarios de la Direcci\u00f3n Provincial se movilizaron hacia el domicilio donde se encontraba el olinguito, recuper\u00e1ndose favorablemente, y lo trasladaron al Hospital Docente Veterinario de la Universidad San Francisco de Quito, donde recibi\u00f3 atenci\u00f3n m\u00e9dica, y ser\u00e1 evaluado para que pueda ser reinsertado a su h\u00e1bitat\u00a0 natural.<\/p>\n<p style=\"text-align: justify;\"><strong>Datos sobre el olinguito<\/strong><\/p>\n<p style=\"text-align: justify;\">El olinguito (<em>Bassaricyon neblina<\/em>) es una nueva especie de carn\u00edvoro que habita en los bosques nublados de los Andes ecuatorianos. Fue descubierto recientemente en nuestro pa\u00eds. El animal luce como una mezcla de gato dom\u00e9stico y oso de peluche, pertenece, seg\u00fan los cient\u00edficos, a la familia de los <em>Proyonidae<\/em>, la misma de los mapaches, coat\u00edes Kinkajous y olingos.<\/p>\n<p style=\"text-align: justify;\">El olinguito pesa alrededor de dos libras y su cuerpo mide 35 cm, y con su cola puede llegar a los 70 cm, aproximadamente. Este es un animal arbor\u00edcola, es muy h\u00e1bil saltando de rama en rama y es estrictamente nocturno.<\/p>\n","protected":false},"excerpt":{"rendered":"<p class=\"excerpt\">Gracias a la r\u00e1pida intervenci\u00f3n y colaboraci\u00f3n de un ciudadano salcedense, el Ministerio del Ambiente (MAE), a trav\u00e9s de su Direcci\u00f3n Provincial en Cotopaxi, pudo rescatar y trasladar al hospital veterinario a un olinguito (Bassaricyon neblina) que se encontraba en p\u00e9simo estado de salud, y que fue atendido de manera inmediata. Este ejemplar, perteneciente a una especie descubierta reci\u00e9ntame en&hellip; <a href=\"https:\/\/www.ambienteyenergia.gob.ec\/ambiente\/mae-cotopaxi-rescato-a-un-olinguito-gracias-a-la-ayuda-ciudadana\/\">Read more &rarr;<\/a><\/p>\n","protected":false},"author":13,"featured_media":22010,"comment_status":"open","ping_status":"open","sticky":false,"template":"","format":"standard","meta":{"footnotes":""},"categories":[16,4],"tags":[387,537],"class_list":["post-22008","post","type-post","status-publish","format-standard","has-post-thumbnail","hentry","category-comunicamos","category-noticias","tag-mae-lorena-tapia","tag-olinguito","xfolkentry"],"_links":{"self":[{"href":"https:\/\/www.ambienteyenergia.gob.ec\/ambiente\/wp-json\/wp\/v2\/posts\/22008","targetHints":{"allow":["GET"]}}],"collection":[{"href":"https:\/\/www.ambienteyenergia.gob.ec\/ambiente\/wp-json\/wp\/v2\/posts"}],"about":[{"href":"https:\/\/www.ambienteyenergia.gob.ec\/ambiente\/wp-json\/wp\/v2\/types\/post"}],"author":[{"embeddable":true,"href":"https:\/\/www.ambienteyenergia.gob.ec\/ambiente\/wp-json\/wp\/v2\/users\/13"}],"replies":[{"embeddable":true,"href":"https:\/\/www.ambienteyenergia.gob.ec\/ambiente\/wp-json\/wp\/v2\/comments?post=22008"}],"version-history":[{"count":0,"href":"https:\/\/www.ambienteyenergia.gob.ec\/ambiente\/wp-json\/wp\/v2\/posts\/22008\/revisions"}],"wp:featuredmedia":[{"embeddable":true,"href":"https:\/\/www.ambienteyenergia.gob.ec\/ambiente\/wp-json\/wp\/v2\/media\/22010"}],"wp:attachment":[{"href":"https:\/\/www.ambienteyenergia.gob.ec\/ambiente\/wp-json\/wp\/v2\/media?parent=22008"}],"wp:term":[{"taxonomy":"category","embeddable":true,"href":"https:\/\/www.ambienteyenergia.gob.ec\/ambiente\/wp-json\/wp\/v2\/categories?post=22008"},{"taxonomy":"post_tag","embeddable":true,"href":"https:\/\/www.ambienteyenergia.gob.ec\/ambiente\/wp-json\/wp\/v2\/tags?post=22008"}],"curies":[{"name":"wp","href":"https:\/\/api.w.org\/{rel}","templated":true}]}}