{"id":21999,"date":"2014-08-15T19:43:46","date_gmt":"2014-08-16T00:43:46","guid":{"rendered":"http:\/\/www.ambiente.gob.ec\/?p=21999"},"modified":"2014-08-15T19:43:46","modified_gmt":"2014-08-16T00:43:46","slug":"ministra-lorena-tapia-suscribio-un-acuerdo-estrategico-con-sector-palmicultor","status":"publish","type":"post","link":"https:\/\/www.ambienteyenergia.gob.ec\/ambiente\/ministra-lorena-tapia-suscribio-un-acuerdo-estrategico-con-sector-palmicultor\/","title":{"rendered":"Ministra Lorena Tapia suscribi\u00f3 un acuerdo estrat\u00e9gico con sector palmicultor"},"content":{"rendered":"<p style=\"text-align: justify;\">Hoy, la Ministra del Ambiente, Lorena Tapia, suscribi\u00f3 un Acuerdo Estrat\u00e9gico para el Plan de Mejora Competitiva de la Cadena de Palma Aceitera con actores privados y p\u00fablicos. El objetivo es fortalecer la asociatividad de la cadena, mejorar el acceso a financiamiento, aumentar las exportaciones, diversificar mercados y productos, mejorar la calidad de vida de los palmicultores y aportar al cambio de matriz productiva.<\/p>\n<p style=\"text-align: justify;\">Durante el evento la M\u00e1xima Autoridad Ambiental se\u00f1al\u00f3 que \u00abla firma de este convenio es la evidencia del esfuerzo que este Gobierno hace por trabajar de forma coordinada en beneficio del Ecuador\u00bb.<\/p>\n<p style=\"text-align: justify;\">Adem\u00e1s, invit\u00f3 al sector a que se sumen a este tipo de iniciativas pensando siempre en su progreso y de sus familias, pues el esfuerzo conjunto que realicemos permitir\u00e1 que nuestras futuras generaciones agradezcan el inter\u00e9s que todos tenemos de mantener nuestro Ecuador conservado y preservado<\/p>\n<p style=\"text-align: justify;\">La cadena de \u00a0palma aceitera tiene un alineamiento y aporta al Plan Nacional del Buen Vivir y a la Estrategia de Cambio de la Matriz Productiva, al ser un rubro de alta generaci\u00f3n de valor agregado industrial y que contribuye al crecimiento y la diversificaci\u00f3n de productos y mercados de exportaci\u00f3n.<\/p>\n<p style=\"text-align: justify;\">En ese sentido, la Ministra Tapia afirm\u00f3 que este es un sector en el MAE tiene mucho que hacer. \u00abLo importante es que hemos sentado una hoja de ruta, una l\u00ednea de trabajo clara y un compromiso conjunto por seguir avanzando en esa visi\u00f3n de actividades productivas responsables con el ambiente\u00bb.<\/p>\n<p style=\"text-align: justify;\">De la misma manera, recalc\u00f3 que con este paso los palmicultores est\u00e1n poniendo el ejemplo de lo que significa generar una actividad productiva pero tambi\u00e9n contemplar aquello que tiene que ser parte de la agenda de todo el sector empresarial, el cuidado del ambiente.<\/p>\n<p style=\"text-align: justify;\">\u00abQuiero aprovechar esta ocasi\u00f3n para invitar a todos los sectores productivos a que se sumen a iniciativas como estas. No hay trabajo de la Autoridad Ambiental que tenga \u00e9xito sino va de la mano del compromiso ciudadano. Ahora, es el momento para contribuir a la construcci\u00f3n de un Ecuador m\u00e1s Verde\u00bb, finaliz\u00f3 la Ministra Tapia.<\/p>\n","protected":false},"excerpt":{"rendered":"<p class=\"excerpt\">Hoy, la Ministra del Ambiente, Lorena Tapia, suscribi\u00f3 un Acuerdo Estrat\u00e9gico para el Plan de Mejora Competitiva de la Cadena de Palma Aceitera con actores privados y p\u00fablicos. El objetivo es fortalecer la asociatividad de la cadena, mejorar el acceso a financiamiento, aumentar las exportaciones, diversificar mercados y productos, mejorar la calidad de vida de los palmicultores y aportar al&hellip; <a href=\"https:\/\/www.ambienteyenergia.gob.ec\/ambiente\/ministra-lorena-tapia-suscribio-un-acuerdo-estrategico-con-sector-palmicultor\/\">Read more &rarr;<\/a><\/p>\n","protected":false},"author":13,"featured_media":22000,"comment_status":"open","ping_status":"open","sticky":false,"template":"","format":"standard","meta":{"footnotes":""},"categories":[16,4],"tags":[48,108,53,536],"class_list":["post-21999","post","type-post","status-publish","format-standard","has-post-thumbnail","hentry","category-comunicamos","category-noticias","tag-ecuador","tag-lorena-tapia","tag-mae","tag-palma","xfolkentry"],"_links":{"self":[{"href":"https:\/\/www.ambienteyenergia.gob.ec\/ambiente\/wp-json\/wp\/v2\/posts\/21999","targetHints":{"allow":["GET"]}}],"collection":[{"href":"https:\/\/www.ambienteyenergia.gob.ec\/ambiente\/wp-json\/wp\/v2\/posts"}],"about":[{"href":"https:\/\/www.ambienteyenergia.gob.ec\/ambiente\/wp-json\/wp\/v2\/types\/post"}],"author":[{"embeddable":true,"href":"https:\/\/www.ambienteyenergia.gob.ec\/ambiente\/wp-json\/wp\/v2\/users\/13"}],"replies":[{"embeddable":true,"href":"https:\/\/www.ambienteyenergia.gob.ec\/ambiente\/wp-json\/wp\/v2\/comments?post=21999"}],"version-history":[{"count":0,"href":"https:\/\/www.ambienteyenergia.gob.ec\/ambiente\/wp-json\/wp\/v2\/posts\/21999\/revisions"}],"wp:featuredmedia":[{"embeddable":true,"href":"https:\/\/www.ambienteyenergia.gob.ec\/ambiente\/wp-json\/wp\/v2\/media\/22000"}],"wp:attachment":[{"href":"https:\/\/www.ambienteyenergia.gob.ec\/ambiente\/wp-json\/wp\/v2\/media?parent=21999"}],"wp:term":[{"taxonomy":"category","embeddable":true,"href":"https:\/\/www.ambienteyenergia.gob.ec\/ambiente\/wp-json\/wp\/v2\/categories?post=21999"},{"taxonomy":"post_tag","embeddable":true,"href":"https:\/\/www.ambienteyenergia.gob.ec\/ambiente\/wp-json\/wp\/v2\/tags?post=21999"}],"curies":[{"name":"wp","href":"https:\/\/api.w.org\/{rel}","templated":true}]}}