{"id":21988,"date":"2014-08-15T14:25:50","date_gmt":"2014-08-15T19:25:50","guid":{"rendered":"http:\/\/www.ambiente.gob.ec\/?p=21988"},"modified":"2014-08-15T14:25:50","modified_gmt":"2014-08-15T19:25:50","slug":"continua-campana-de-prevencion-de-incendios-forestales-puerta-a-puerta-en-imbabura","status":"publish","type":"post","link":"https:\/\/www.ambienteyenergia.gob.ec\/ambiente\/continua-campana-de-prevencion-de-incendios-forestales-puerta-a-puerta-en-imbabura\/","title":{"rendered":"Contin\u00faa campa\u00f1a de prevenci\u00f3n de incendios forestales puerta a puerta en Imbabura"},"content":{"rendered":"<p style=\"text-align: justify;\">Cada a\u00f1o, cuando llega el verano, existe el riesgo de que ocurran incendios forestales, por esta raz\u00f3n, el Ministerio del Ambiente, a trav\u00e9s de la Direcci\u00f3n Provincial de Imbabura y con el apoyo de t\u00e9cnicos de la Reserva Ecol\u00f3gica Cotacachi Cayapas, realiza una campa\u00f1a de prevenci\u00f3n de incendios forestales puerta a puerta.<\/p>\n<p style=\"text-align: justify;\">Esta actividad se ejecuta en las comunidades de Morochos &#8211; Chilcapamba \u2013 Iltaqu\u00ed, Anrab\u00ed, Santa Barbara y Topo del cant\u00f3n Cotacachi, con el fin de conservar los recursos de la zona de amortiguamiento del \u00e1rea protegida.<\/p>\n<p style=\"text-align: justify;\">La implementaci\u00f3n de esta iniciativa surge con la necesidad de promover acciones preventivas en la lucha contra incendios forestales a trav\u00e9s de la difusi\u00f3n y concientizaci\u00f3n en los sitios de mayor incidencia.<\/p>\n<p style=\"text-align: justify;\">El MAE durante todo el a\u00f1o ejecuta varias acciones complementarias como capacitaciones, jornadas de educaci\u00f3n ambiental y campa\u00f1as digitales que buscan promover el cuidado y la protecci\u00f3n de los bosques y \u00e1reas naturales.<\/p>\n<p>&nbsp;<\/p>\n","protected":false},"excerpt":{"rendered":"<p class=\"excerpt\">Cada a\u00f1o, cuando llega el verano, existe el riesgo de que ocurran incendios forestales, por esta raz\u00f3n, el Ministerio del Ambiente, a trav\u00e9s de la Direcci\u00f3n Provincial de Imbabura y con el apoyo de t\u00e9cnicos de la Reserva Ecol\u00f3gica Cotacachi Cayapas, realiza una campa\u00f1a de prevenci\u00f3n de incendios forestales puerta a puerta. Esta actividad se ejecuta en las comunidades de&hellip; <a href=\"https:\/\/www.ambienteyenergia.gob.ec\/ambiente\/continua-campana-de-prevencion-de-incendios-forestales-puerta-a-puerta-en-imbabura\/\">Read more &rarr;<\/a><\/p>\n","protected":false},"author":13,"featured_media":21989,"comment_status":"open","ping_status":"open","sticky":false,"template":"","format":"standard","meta":{"footnotes":""},"categories":[16,4],"tags":[],"class_list":["post-21988","post","type-post","status-publish","format-standard","has-post-thumbnail","hentry","category-comunicamos","category-noticias","xfolkentry"],"_links":{"self":[{"href":"https:\/\/www.ambienteyenergia.gob.ec\/ambiente\/wp-json\/wp\/v2\/posts\/21988","targetHints":{"allow":["GET"]}}],"collection":[{"href":"https:\/\/www.ambienteyenergia.gob.ec\/ambiente\/wp-json\/wp\/v2\/posts"}],"about":[{"href":"https:\/\/www.ambienteyenergia.gob.ec\/ambiente\/wp-json\/wp\/v2\/types\/post"}],"author":[{"embeddable":true,"href":"https:\/\/www.ambienteyenergia.gob.ec\/ambiente\/wp-json\/wp\/v2\/users\/13"}],"replies":[{"embeddable":true,"href":"https:\/\/www.ambienteyenergia.gob.ec\/ambiente\/wp-json\/wp\/v2\/comments?post=21988"}],"version-history":[{"count":0,"href":"https:\/\/www.ambienteyenergia.gob.ec\/ambiente\/wp-json\/wp\/v2\/posts\/21988\/revisions"}],"wp:featuredmedia":[{"embeddable":true,"href":"https:\/\/www.ambienteyenergia.gob.ec\/ambiente\/wp-json\/wp\/v2\/media\/21989"}],"wp:attachment":[{"href":"https:\/\/www.ambienteyenergia.gob.ec\/ambiente\/wp-json\/wp\/v2\/media?parent=21988"}],"wp:term":[{"taxonomy":"category","embeddable":true,"href":"https:\/\/www.ambienteyenergia.gob.ec\/ambiente\/wp-json\/wp\/v2\/categories?post=21988"},{"taxonomy":"post_tag","embeddable":true,"href":"https:\/\/www.ambienteyenergia.gob.ec\/ambiente\/wp-json\/wp\/v2\/tags?post=21988"}],"curies":[{"name":"wp","href":"https:\/\/api.w.org\/{rel}","templated":true}]}}