{"id":21984,"date":"2014-08-15T12:54:13","date_gmt":"2014-08-15T17:54:13","guid":{"rendered":"http:\/\/www.ambiente.gob.ec\/?p=21984"},"modified":"2014-08-15T12:54:13","modified_gmt":"2014-08-15T17:54:13","slug":"mae-rescato-un-aguila-pechinegra-en-chimborazo","status":"publish","type":"post","link":"https:\/\/www.ambienteyenergia.gob.ec\/ambiente\/mae-rescato-un-aguila-pechinegra-en-chimborazo\/","title":{"rendered":"MAE rescat\u00f3 un \u00e1guila pechinegra en Chimborazo"},"content":{"rendered":"<p style=\"text-align: justify;\">La Unidad de Vida Silvestre de la Direcci\u00f3n Provincial del Ambiente de Chimborazo, con el apoyo del Personal de la Unidad de Protecci\u00f3n del Medio Ambiente (UPMA) de la Polic\u00eda Nacional, rescat\u00f3 un \u00e1guila pechinegra (<em>Geranoaetus<\/em> melanoleucus) en el cant\u00f3n Riobamba, con la participaci\u00f3n de la ciudadan\u00eda.<\/p>\n<p style=\"text-align: justify;\">Tras la llamada al Servicio Integrado de Seguridad ECU-911,\u00a0 que informaba sobre el avistamiento de un \u00e1guila pechinegra juvenil en el barrio Jes\u00fas del Gran Poder de la ciudad de Riobamba, t\u00e9cnicos del Ministerio del Ambiente (MAE) se movilizaron a la localidad con el objetivo de verificar el estado de salud del esp\u00e9cimen rescatado por la ciudadan\u00eda.<\/p>\n<p style=\"text-align: justify;\">En el lugar, se comprob\u00f3 que el esp\u00e9cimen presentaba fracturas en sus extremidades. Seg\u00fan versiones de los moradores, el \u00e1guila se encontraba en cautiverio y en condiciones poco adecuadas.<\/p>\n<p style=\"text-align: justify;\">Luego de su rescate, el \u00e1guila pechinegra fue trasladada a un centro de rescate avalado por el MAE para su evaluaci\u00f3n m\u00e9dica, rehabilitaci\u00f3n y posterior reintroducci\u00f3n a su habitad natural.<\/p>\n<p style=\"text-align: justify;\">El MAE continuar\u00e1 con las campa\u00f1as de concienciaci\u00f3n y educaci\u00f3n ambiental, para la protecci\u00f3n y conservaci\u00f3n de la biodiversidad, y as\u00ed, promover el cuidado y respeto por la vida silvestre.<\/p>\n","protected":false},"excerpt":{"rendered":"<p class=\"excerpt\">La Unidad de Vida Silvestre de la Direcci\u00f3n Provincial del Ambiente de Chimborazo, con el apoyo del Personal de la Unidad de Protecci\u00f3n del Medio Ambiente (UPMA) de la Polic\u00eda Nacional, rescat\u00f3 un \u00e1guila pechinegra (Geranoaetus melanoleucus) en el cant\u00f3n Riobamba, con la participaci\u00f3n de la ciudadan\u00eda. Tras la llamada al Servicio Integrado de Seguridad ECU-911,\u00a0 que informaba sobre el&hellip; <a href=\"https:\/\/www.ambienteyenergia.gob.ec\/ambiente\/mae-rescato-un-aguila-pechinegra-en-chimborazo\/\">Read more &rarr;<\/a><\/p>\n","protected":false},"author":13,"featured_media":21985,"comment_status":"open","ping_status":"open","sticky":false,"template":"","format":"standard","meta":{"footnotes":""},"categories":[16,4],"tags":[],"class_list":["post-21984","post","type-post","status-publish","format-standard","has-post-thumbnail","hentry","category-comunicamos","category-noticias","xfolkentry"],"_links":{"self":[{"href":"https:\/\/www.ambienteyenergia.gob.ec\/ambiente\/wp-json\/wp\/v2\/posts\/21984","targetHints":{"allow":["GET"]}}],"collection":[{"href":"https:\/\/www.ambienteyenergia.gob.ec\/ambiente\/wp-json\/wp\/v2\/posts"}],"about":[{"href":"https:\/\/www.ambienteyenergia.gob.ec\/ambiente\/wp-json\/wp\/v2\/types\/post"}],"author":[{"embeddable":true,"href":"https:\/\/www.ambienteyenergia.gob.ec\/ambiente\/wp-json\/wp\/v2\/users\/13"}],"replies":[{"embeddable":true,"href":"https:\/\/www.ambienteyenergia.gob.ec\/ambiente\/wp-json\/wp\/v2\/comments?post=21984"}],"version-history":[{"count":0,"href":"https:\/\/www.ambienteyenergia.gob.ec\/ambiente\/wp-json\/wp\/v2\/posts\/21984\/revisions"}],"wp:featuredmedia":[{"embeddable":true,"href":"https:\/\/www.ambienteyenergia.gob.ec\/ambiente\/wp-json\/wp\/v2\/media\/21985"}],"wp:attachment":[{"href":"https:\/\/www.ambienteyenergia.gob.ec\/ambiente\/wp-json\/wp\/v2\/media?parent=21984"}],"wp:term":[{"taxonomy":"category","embeddable":true,"href":"https:\/\/www.ambienteyenergia.gob.ec\/ambiente\/wp-json\/wp\/v2\/categories?post=21984"},{"taxonomy":"post_tag","embeddable":true,"href":"https:\/\/www.ambienteyenergia.gob.ec\/ambiente\/wp-json\/wp\/v2\/tags?post=21984"}],"curies":[{"name":"wp","href":"https:\/\/api.w.org\/{rel}","templated":true}]}}