{"id":21969,"date":"2014-08-14T15:07:11","date_gmt":"2014-08-14T20:07:11","guid":{"rendered":"http:\/\/www.ambiente.gob.ec\/?p=21969"},"modified":"2014-08-14T15:07:11","modified_gmt":"2014-08-14T20:07:11","slug":"ecuador-entrego-reporte-nacional-de-desertificacion-degradacion-de-la-tierra-y-sequia","status":"publish","type":"post","link":"https:\/\/www.ambienteyenergia.gob.ec\/ambiente\/ecuador-entrego-reporte-nacional-de-desertificacion-degradacion-de-la-tierra-y-sequia\/","title":{"rendered":"Ecuador entreg\u00f3 &#8216;Reporte Nacional de Desertificaci\u00f3n, Degradaci\u00f3n de la Tierra y Sequ\u00eda&#8217;"},"content":{"rendered":"<p style=\"text-align: justify;\">El Ecuador, como Pa\u00eds Parte de la Convenci\u00f3n de las Naciones Unidas de Lucha contra la Desertificaci\u00f3n (UNCCD), asumi\u00f3 el compromiso de presentar el Reporte Nacional sobre el estado de Desertificaci\u00f3n, Degradaci\u00f3n de la Tierra y Sequ\u00eda (DDTS), as\u00ed como las sinergias de la DDTS con el cambio clim\u00e1tico, la diversidad biol\u00f3gica, seguridad alimentaria y otras afines para el per\u00edodo 2012-2013.<\/p>\n<p>Por tal raz\u00f3n, y con el prop\u00f3sito de cumplir con este requerimiento ante la UNCCD, la Subsecretar\u00eda de Cambio Clim\u00e1tico, a trav\u00e9s de la Direcci\u00f3n Nacional de Adaptaci\u00f3n al Cambio Clim\u00e1tico (DNACC) y su Oficial de Reporte, coordinaron la realizaci\u00f3n de cuatro talleres de capacitaci\u00f3n para el levantamiento y sistematizaci\u00f3n de informaci\u00f3n relacionada a la lucha contra la DDTS, previo la elaboraci\u00f3n del Reporte Nacional de Desertificaci\u00f3n\u201d.<\/p>\n<p style=\"text-align: justify;\">Esta jornada de trabajo estuvo dirigida a los responsables provinciales de desertificaci\u00f3n, designados en cada una de las Direcciones Provinciales del Ambiente, cuyo fin fue generar reportes provinciales de desertificaci\u00f3n, los cuales fueron sistematizados y analizados para adjuntarlos al reporte nacional.<\/p>\n<p style=\"text-align: justify;\">Al mismo tiempo y con el fin de contar con informaci\u00f3n respecto a la gesti\u00f3n e inversi\u00f3n realizada por el Ecuador en el combate de la desertificaci\u00f3n, degradaci\u00f3n de la tierra y sequ\u00eda (DDTS), y sus sinergias, fueron realizadas reuniones y entrevistas con funcionarios y t\u00e9cnicos de las unidades y proyectos del Ministerio del Ambiente, as\u00ed como de otras entidades gubernamentales y no gubernamentales, gobiernos aut\u00f3nomos descentralizados, institutos de investigaci\u00f3n y universidades, agencias de cooperaci\u00f3n, organizaciones de la sociedad civil y de base.<\/p>\n<p>El Reporte Nacional de Desertificaci\u00f3n se constituye en un instrumento de informaci\u00f3n, que respalda el compromiso y la inversi\u00f3n que el Ecuador viene realizando con respecto a la lucha contra la DDTS y la generaci\u00f3n e implementaci\u00f3n de pr\u00e1cticas de manejo sostenible de la Tierra (MST), as\u00ed como una herramienta de verificaci\u00f3n del avance de implementaci\u00f3n de los objetivos estrat\u00e9gicos y operacionales de la Convenci\u00f3n.<\/p>\n","protected":false},"excerpt":{"rendered":"<p class=\"excerpt\">El Ecuador, como Pa\u00eds Parte de la Convenci\u00f3n de las Naciones Unidas de Lucha contra la Desertificaci\u00f3n (UNCCD), asumi\u00f3 el compromiso de presentar el Reporte Nacional sobre el estado de Desertificaci\u00f3n, Degradaci\u00f3n de la Tierra y Sequ\u00eda (DDTS), as\u00ed como las sinergias de la DDTS con el cambio clim\u00e1tico, la diversidad biol\u00f3gica, seguridad alimentaria y otras afines para el per\u00edodo&hellip; <a href=\"https:\/\/www.ambienteyenergia.gob.ec\/ambiente\/ecuador-entrego-reporte-nacional-de-desertificacion-degradacion-de-la-tierra-y-sequia\/\">Read more &rarr;<\/a><\/p>\n","protected":false},"author":13,"featured_media":21970,"comment_status":"open","ping_status":"open","sticky":false,"template":"","format":"standard","meta":{"footnotes":""},"categories":[16,4],"tags":[],"class_list":["post-21969","post","type-post","status-publish","format-standard","has-post-thumbnail","hentry","category-comunicamos","category-noticias","xfolkentry"],"_links":{"self":[{"href":"https:\/\/www.ambienteyenergia.gob.ec\/ambiente\/wp-json\/wp\/v2\/posts\/21969","targetHints":{"allow":["GET"]}}],"collection":[{"href":"https:\/\/www.ambienteyenergia.gob.ec\/ambiente\/wp-json\/wp\/v2\/posts"}],"about":[{"href":"https:\/\/www.ambienteyenergia.gob.ec\/ambiente\/wp-json\/wp\/v2\/types\/post"}],"author":[{"embeddable":true,"href":"https:\/\/www.ambienteyenergia.gob.ec\/ambiente\/wp-json\/wp\/v2\/users\/13"}],"replies":[{"embeddable":true,"href":"https:\/\/www.ambienteyenergia.gob.ec\/ambiente\/wp-json\/wp\/v2\/comments?post=21969"}],"version-history":[{"count":0,"href":"https:\/\/www.ambienteyenergia.gob.ec\/ambiente\/wp-json\/wp\/v2\/posts\/21969\/revisions"}],"wp:featuredmedia":[{"embeddable":true,"href":"https:\/\/www.ambienteyenergia.gob.ec\/ambiente\/wp-json\/wp\/v2\/media\/21970"}],"wp:attachment":[{"href":"https:\/\/www.ambienteyenergia.gob.ec\/ambiente\/wp-json\/wp\/v2\/media?parent=21969"}],"wp:term":[{"taxonomy":"category","embeddable":true,"href":"https:\/\/www.ambienteyenergia.gob.ec\/ambiente\/wp-json\/wp\/v2\/categories?post=21969"},{"taxonomy":"post_tag","embeddable":true,"href":"https:\/\/www.ambienteyenergia.gob.ec\/ambiente\/wp-json\/wp\/v2\/tags?post=21969"}],"curies":[{"name":"wp","href":"https:\/\/api.w.org\/{rel}","templated":true}]}}