{"id":21966,"date":"2014-08-14T13:50:45","date_gmt":"2014-08-14T18:50:45","guid":{"rendered":"http:\/\/www.ambiente.gob.ec\/?p=21966"},"modified":"2014-08-15T09:28:04","modified_gmt":"2014-08-15T14:28:04","slug":"se-presento-el-proyecto-analisis-de-la-vulnerabilidad-de-las-centrales-hidroelectricas-priorizadas-ante-los-efectos-del-cambio-climatico","status":"publish","type":"post","link":"https:\/\/www.ambienteyenergia.gob.ec\/ambiente\/se-presento-el-proyecto-analisis-de-la-vulnerabilidad-de-las-centrales-hidroelectricas-priorizadas-ante-los-efectos-del-cambio-climatico\/","title":{"rendered":"Se  present\u00f3 el proyecto  &#8216;An\u00e1lisis de  la vulnerabilidad de las centrales hidroel\u00e9ctricas priorizadas ante los efectos del cambio clim\u00e1tico&#8217;"},"content":{"rendered":"<p style=\"text-align: justify;\">El Ministerio del Ambiente (MAE), a trav\u00e9s de la Subsecretar\u00eda de Cambio Clim\u00e1tico, present\u00f3 el plan de trabajo, metodolog\u00eda y hoja de ruta del Estudio \u201cAn\u00e1lisis de la vulnerabilidad de las centrales hidroel\u00e9ctricas priorizadas ante de los efectos del cambio clim\u00e1tico\u201d, entre las que constan\u00a0Delsitanisagua, Coca Codo Sinclair, Quijos y Toachi-Pilat\u00f3n. Esto en el marco de un proyecto que es parte de la Estrategia y el Plan Nacional de Cambio Clim\u00e1tico.<\/p>\n<p style=\"text-align: justify;\">El proyecto tiene como objetivo contribuir a la sostenibilidad de centrales hidroel\u00e9ctricas a trav\u00e9s de la implementaci\u00f3n de medidas de adaptaci\u00f3n al cambio clim\u00e1tico como el manejo integral de recursos naturales con enfoque de cuenca, la conservaci\u00f3n de sus ecosistemas y la mejora en coordinaci\u00f3n de las operaciones, de manera que permitan preservar la inversi\u00f3n realizada por el Estado en proyectos de hidroenerg\u00eda.<\/p>\n","protected":false},"excerpt":{"rendered":"<p class=\"excerpt\">El Ministerio del Ambiente (MAE), a trav\u00e9s de la Subsecretar\u00eda de Cambio Clim\u00e1tico, present\u00f3 el plan de trabajo, metodolog\u00eda y hoja de ruta del Estudio \u201cAn\u00e1lisis de la vulnerabilidad de las centrales hidroel\u00e9ctricas priorizadas ante de los efectos del cambio clim\u00e1tico\u201d, entre las que constan\u00a0Delsitanisagua, Coca Codo Sinclair, Quijos y Toachi-Pilat\u00f3n. Esto en el marco de un proyecto que es&hellip; <a href=\"https:\/\/www.ambienteyenergia.gob.ec\/ambiente\/se-presento-el-proyecto-analisis-de-la-vulnerabilidad-de-las-centrales-hidroelectricas-priorizadas-ante-los-efectos-del-cambio-climatico\/\">Read more &rarr;<\/a><\/p>\n","protected":false},"author":13,"featured_media":21967,"comment_status":"open","ping_status":"open","sticky":false,"template":"","format":"standard","meta":{"footnotes":""},"categories":[16,4],"tags":[],"class_list":["post-21966","post","type-post","status-publish","format-standard","has-post-thumbnail","hentry","category-comunicamos","category-noticias","xfolkentry"],"_links":{"self":[{"href":"https:\/\/www.ambienteyenergia.gob.ec\/ambiente\/wp-json\/wp\/v2\/posts\/21966","targetHints":{"allow":["GET"]}}],"collection":[{"href":"https:\/\/www.ambienteyenergia.gob.ec\/ambiente\/wp-json\/wp\/v2\/posts"}],"about":[{"href":"https:\/\/www.ambienteyenergia.gob.ec\/ambiente\/wp-json\/wp\/v2\/types\/post"}],"author":[{"embeddable":true,"href":"https:\/\/www.ambienteyenergia.gob.ec\/ambiente\/wp-json\/wp\/v2\/users\/13"}],"replies":[{"embeddable":true,"href":"https:\/\/www.ambienteyenergia.gob.ec\/ambiente\/wp-json\/wp\/v2\/comments?post=21966"}],"version-history":[{"count":0,"href":"https:\/\/www.ambienteyenergia.gob.ec\/ambiente\/wp-json\/wp\/v2\/posts\/21966\/revisions"}],"wp:featuredmedia":[{"embeddable":true,"href":"https:\/\/www.ambienteyenergia.gob.ec\/ambiente\/wp-json\/wp\/v2\/media\/21967"}],"wp:attachment":[{"href":"https:\/\/www.ambienteyenergia.gob.ec\/ambiente\/wp-json\/wp\/v2\/media?parent=21966"}],"wp:term":[{"taxonomy":"category","embeddable":true,"href":"https:\/\/www.ambienteyenergia.gob.ec\/ambiente\/wp-json\/wp\/v2\/categories?post=21966"},{"taxonomy":"post_tag","embeddable":true,"href":"https:\/\/www.ambienteyenergia.gob.ec\/ambiente\/wp-json\/wp\/v2\/tags?post=21966"}],"curies":[{"name":"wp","href":"https:\/\/api.w.org\/{rel}","templated":true}]}}