{"id":21961,"date":"2014-08-14T11:01:50","date_gmt":"2014-08-14T16:01:50","guid":{"rendered":"http:\/\/www.ambiente.gob.ec\/?p=21961"},"modified":"2014-08-14T11:04:28","modified_gmt":"2014-08-14T16:04:28","slug":"68-ninos-fueron-capacitados-en-una-jornada-de-educacion-ambiental","status":"publish","type":"post","link":"https:\/\/www.ambienteyenergia.gob.ec\/ambiente\/68-ninos-fueron-capacitados-en-una-jornada-de-educacion-ambiental\/","title":{"rendered":"68 ni\u00f1os fueron capacitados en una jornada de educaci\u00f3n ambiental en Imbabura"},"content":{"rendered":"<p style=\"text-align: justify;\">La educaci\u00f3n ambiental es una herramienta fundamental para impulsar la sensibilizaci\u00f3n y acci\u00f3n por el cuidado de los recursos naturales, por tal motivo, el Ministerio del Ambiente, a trav\u00e9s de la Direcci\u00f3n Provincial del Ambiente de Imbabura, organiz\u00f3 una jornada de capacitaciones en las instalaciones de la Unidad Educativa Plutarco Cevallos.<\/p>\n<p style=\"text-align: justify;\">En el evento participaron alrededor de 68 alumnos de la instituci\u00f3n educativa, quienes a partir de juegos, din\u00e1micas y videos aprendieron acerca de buenas pr\u00e1cticas ambientales y conservaci\u00f3n de los recursos, entre otros. Esta iniciativa es parte de un campamento vacacional de verano organizado por la parroquia Quiroga del Cant\u00f3n Cotacachi.<\/p>\n<p style=\"text-align: justify;\">Durante el taller, t\u00e9cnicos de la reserva Cotacachi Cayapas Zona Alta generaron conciencia ecol\u00f3gica en ni\u00f1os y ni\u00f1as mediante actividades l\u00fadico cognitivas.<\/p>\n<p style=\"text-align: justify;\">La Direcci\u00f3n Provincial del Ambiente de Imbabura continuar\u00e1 realizando jornadas de educaci\u00f3n ambiental en las unidades educativas que se encuentran en la zona de amortiguamiento de la Reserva Ecol\u00f3gica Cotacachi Cayapas como parte de una estrategia integral que permitir\u00e1 educar a la poblaci\u00f3n para que se apropie de la conservaci\u00f3n de esta \u00e1rea protegida.<\/p>\n<p>&nbsp;<\/p>\n<p>&nbsp;<\/p>\n<p>&nbsp;<\/p>\n<p>&nbsp;<\/p>\n<p>&nbsp;<\/p>\n","protected":false},"excerpt":{"rendered":"<p class=\"excerpt\">La educaci\u00f3n ambiental es una herramienta fundamental para impulsar la sensibilizaci\u00f3n y acci\u00f3n por el cuidado de los recursos naturales, por tal motivo, el Ministerio del Ambiente, a trav\u00e9s de la Direcci\u00f3n Provincial del Ambiente de Imbabura, organiz\u00f3 una jornada de capacitaciones en las instalaciones de la Unidad Educativa Plutarco Cevallos. En el evento participaron alrededor de 68 alumnos de&hellip; <a href=\"https:\/\/www.ambienteyenergia.gob.ec\/ambiente\/68-ninos-fueron-capacitados-en-una-jornada-de-educacion-ambiental\/\">Read more &rarr;<\/a><\/p>\n","protected":false},"author":13,"featured_media":21962,"comment_status":"open","ping_status":"open","sticky":false,"template":"","format":"standard","meta":{"footnotes":""},"categories":[16,4],"tags":[],"class_list":["post-21961","post","type-post","status-publish","format-standard","has-post-thumbnail","hentry","category-comunicamos","category-noticias","xfolkentry"],"_links":{"self":[{"href":"https:\/\/www.ambienteyenergia.gob.ec\/ambiente\/wp-json\/wp\/v2\/posts\/21961","targetHints":{"allow":["GET"]}}],"collection":[{"href":"https:\/\/www.ambienteyenergia.gob.ec\/ambiente\/wp-json\/wp\/v2\/posts"}],"about":[{"href":"https:\/\/www.ambienteyenergia.gob.ec\/ambiente\/wp-json\/wp\/v2\/types\/post"}],"author":[{"embeddable":true,"href":"https:\/\/www.ambienteyenergia.gob.ec\/ambiente\/wp-json\/wp\/v2\/users\/13"}],"replies":[{"embeddable":true,"href":"https:\/\/www.ambienteyenergia.gob.ec\/ambiente\/wp-json\/wp\/v2\/comments?post=21961"}],"version-history":[{"count":0,"href":"https:\/\/www.ambienteyenergia.gob.ec\/ambiente\/wp-json\/wp\/v2\/posts\/21961\/revisions"}],"wp:featuredmedia":[{"embeddable":true,"href":"https:\/\/www.ambienteyenergia.gob.ec\/ambiente\/wp-json\/wp\/v2\/media\/21962"}],"wp:attachment":[{"href":"https:\/\/www.ambienteyenergia.gob.ec\/ambiente\/wp-json\/wp\/v2\/media?parent=21961"}],"wp:term":[{"taxonomy":"category","embeddable":true,"href":"https:\/\/www.ambienteyenergia.gob.ec\/ambiente\/wp-json\/wp\/v2\/categories?post=21961"},{"taxonomy":"post_tag","embeddable":true,"href":"https:\/\/www.ambienteyenergia.gob.ec\/ambiente\/wp-json\/wp\/v2\/tags?post=21961"}],"curies":[{"name":"wp","href":"https:\/\/api.w.org\/{rel}","templated":true}]}}