{"id":21958,"date":"2014-08-14T10:30:22","date_gmt":"2014-08-14T15:30:22","guid":{"rendered":"http:\/\/www.ambiente.gob.ec\/?p=21958"},"modified":"2014-08-14T10:30:22","modified_gmt":"2014-08-14T15:30:22","slug":"gestores-culturales-del-agua-y-cambio-climatico-se-capacitaron-en-un-taller","status":"publish","type":"post","link":"https:\/\/www.ambienteyenergia.gob.ec\/ambiente\/gestores-culturales-del-agua-y-cambio-climatico-se-capacitaron-en-un-taller\/","title":{"rendered":"Gestores culturales del agua y cambio clim\u00e1tico se capacitaron en un taller"},"content":{"rendered":"<p style=\"text-align: justify;\">Con la finalidad de fortalecer las capacidades y el conocimiento en temas de cambio clim\u00e1tico y recursos h\u00eddricos, el Proyecto de Adaptaci\u00f3n al Cambio Clim\u00e1tico para una Efectiva Gobernabilidad del Agua en el Ecuador (PACC) liderado por la Subsecretar\u00eda de Cambio Clim\u00e1tico del Ministerio del Ambiente (MAE), organiz\u00f3 el taller \u00abFormaci\u00f3n de Gestores Culturales del Agua\u00bb.<\/p>\n<p style=\"text-align: justify;\">En el evento participaron t\u00e9cnicos de la Secretar\u00eda Nacional del Agua y de los centros de atenci\u00f3n ciudadana de las demarcaciones de Jubones, Loja, Santiago, Macas, Cuenca y el Oro, t\u00e9cnicos del PACC y sus socios de la provincia de Manab\u00ed, con el prop\u00f3sito de establecer una cultura del agua que asegure el correcto manejo del recurso h\u00eddrico con enfoque de adaptaci\u00f3n al cambio clim\u00e1tico.<\/p>\n<p style=\"text-align: justify;\">El MAE promueve este tipo de iniciativas con el objetivo de educar a la poblaci\u00f3n sobre la importancia de conservar el ambiente y proteger los recursos naturales.<\/p>\n","protected":false},"excerpt":{"rendered":"<p class=\"excerpt\">Con la finalidad de fortalecer las capacidades y el conocimiento en temas de cambio clim\u00e1tico y recursos h\u00eddricos, el Proyecto de Adaptaci\u00f3n al Cambio Clim\u00e1tico para una Efectiva Gobernabilidad del Agua en el Ecuador (PACC) liderado por la Subsecretar\u00eda de Cambio Clim\u00e1tico del Ministerio del Ambiente (MAE), organiz\u00f3 el taller \u00abFormaci\u00f3n de Gestores Culturales del Agua\u00bb. En el evento participaron&hellip; <a href=\"https:\/\/www.ambienteyenergia.gob.ec\/ambiente\/gestores-culturales-del-agua-y-cambio-climatico-se-capacitaron-en-un-taller\/\">Read more &rarr;<\/a><\/p>\n","protected":false},"author":13,"featured_media":21959,"comment_status":"open","ping_status":"open","sticky":false,"template":"","format":"standard","meta":{"footnotes":""},"categories":[16,4],"tags":[],"class_list":["post-21958","post","type-post","status-publish","format-standard","has-post-thumbnail","hentry","category-comunicamos","category-noticias","xfolkentry"],"_links":{"self":[{"href":"https:\/\/www.ambienteyenergia.gob.ec\/ambiente\/wp-json\/wp\/v2\/posts\/21958","targetHints":{"allow":["GET"]}}],"collection":[{"href":"https:\/\/www.ambienteyenergia.gob.ec\/ambiente\/wp-json\/wp\/v2\/posts"}],"about":[{"href":"https:\/\/www.ambienteyenergia.gob.ec\/ambiente\/wp-json\/wp\/v2\/types\/post"}],"author":[{"embeddable":true,"href":"https:\/\/www.ambienteyenergia.gob.ec\/ambiente\/wp-json\/wp\/v2\/users\/13"}],"replies":[{"embeddable":true,"href":"https:\/\/www.ambienteyenergia.gob.ec\/ambiente\/wp-json\/wp\/v2\/comments?post=21958"}],"version-history":[{"count":0,"href":"https:\/\/www.ambienteyenergia.gob.ec\/ambiente\/wp-json\/wp\/v2\/posts\/21958\/revisions"}],"wp:featuredmedia":[{"embeddable":true,"href":"https:\/\/www.ambienteyenergia.gob.ec\/ambiente\/wp-json\/wp\/v2\/media\/21959"}],"wp:attachment":[{"href":"https:\/\/www.ambienteyenergia.gob.ec\/ambiente\/wp-json\/wp\/v2\/media?parent=21958"}],"wp:term":[{"taxonomy":"category","embeddable":true,"href":"https:\/\/www.ambienteyenergia.gob.ec\/ambiente\/wp-json\/wp\/v2\/categories?post=21958"},{"taxonomy":"post_tag","embeddable":true,"href":"https:\/\/www.ambienteyenergia.gob.ec\/ambiente\/wp-json\/wp\/v2\/tags?post=21958"}],"curies":[{"name":"wp","href":"https:\/\/api.w.org\/{rel}","templated":true}]}}