{"id":21955,"date":"2014-08-13T17:00:44","date_gmt":"2014-08-13T22:00:44","guid":{"rendered":"http:\/\/www.ambiente.gob.ec\/?p=21955"},"modified":"2014-08-13T18:30:20","modified_gmt":"2014-08-13T23:30:20","slug":"continuan-operativos-de-control-forestal-en-bolivar","status":"publish","type":"post","link":"https:\/\/www.ambienteyenergia.gob.ec\/ambiente\/continuan-operativos-de-control-forestal-en-bolivar\/","title":{"rendered":"Contin\u00faan operativos de control forestal en Bol\u00edvar"},"content":{"rendered":"<p style=\"text-align: justify;\">Como parte de un operativo de control forestal, el Ministerio del Ambiente (MAE), a trav\u00e9s de la Direcci\u00f3n Provincial de Bol\u00edvar, identific\u00f3 en el cant\u00f3n Guaranda, a un grupo de personas que estaban talando \u00e1rboles de eucalipto sin la respectiva autorizaci\u00f3n, por lo que se procedi\u00f3 a la retenci\u00f3n del material de acuerdo lo determinado el Art. 78 de la Ley Forestal y Protecci\u00f3n de \u00c1reas y Vida Silvestre.<\/p>\n<p style=\"text-align: justify;\">Gracias a una denuncia de la ciudadan\u00eda, esta Cartera de Estado en coordinaci\u00f3n con la Unidad de Protecci\u00f3n del Medio Ambiente de la Polic\u00eda Nacional, logr\u00f3 decomisar una motosierra que actualmente permanece bajo custodia de la Direcci\u00f3n Provincial del Ambiente de Bol\u00edvar, mientras se inicia con el respectivo proceso administrativo.<\/p>\n<p style=\"text-align: justify;\">El MAE continuar\u00e1 con los controles forestales y de vida silvestre para disminuir la tala ilegal, la deforestaci\u00f3n de bosques nativos y la tenencia ilegal de espec\u00edmenes silvestres.<\/p>\n<p style=\"text-align: justify;\">Estos operativos buscan principalmente fortalecer la conservaci\u00f3n y protecci\u00f3n del ambiente, es por eso, que esta Cartera de Estado hace un llamado a la ciudadan\u00eda a cumplir con lo estipulado en la Ley Forestal y as\u00ed evitar sanciones.<\/p>\n","protected":false},"excerpt":{"rendered":"<p class=\"excerpt\">Como parte de un operativo de control forestal, el Ministerio del Ambiente (MAE), a trav\u00e9s de la Direcci\u00f3n Provincial de Bol\u00edvar, identific\u00f3 en el cant\u00f3n Guaranda, a un grupo de personas que estaban talando \u00e1rboles de eucalipto sin la respectiva autorizaci\u00f3n, por lo que se procedi\u00f3 a la retenci\u00f3n del material de acuerdo lo determinado el Art. 78 de la&hellip; <a href=\"https:\/\/www.ambienteyenergia.gob.ec\/ambiente\/continuan-operativos-de-control-forestal-en-bolivar\/\">Read more &rarr;<\/a><\/p>\n","protected":false},"author":13,"featured_media":21956,"comment_status":"open","ping_status":"open","sticky":false,"template":"","format":"standard","meta":{"footnotes":""},"categories":[16,4],"tags":[],"class_list":["post-21955","post","type-post","status-publish","format-standard","has-post-thumbnail","hentry","category-comunicamos","category-noticias","xfolkentry"],"_links":{"self":[{"href":"https:\/\/www.ambienteyenergia.gob.ec\/ambiente\/wp-json\/wp\/v2\/posts\/21955","targetHints":{"allow":["GET"]}}],"collection":[{"href":"https:\/\/www.ambienteyenergia.gob.ec\/ambiente\/wp-json\/wp\/v2\/posts"}],"about":[{"href":"https:\/\/www.ambienteyenergia.gob.ec\/ambiente\/wp-json\/wp\/v2\/types\/post"}],"author":[{"embeddable":true,"href":"https:\/\/www.ambienteyenergia.gob.ec\/ambiente\/wp-json\/wp\/v2\/users\/13"}],"replies":[{"embeddable":true,"href":"https:\/\/www.ambienteyenergia.gob.ec\/ambiente\/wp-json\/wp\/v2\/comments?post=21955"}],"version-history":[{"count":0,"href":"https:\/\/www.ambienteyenergia.gob.ec\/ambiente\/wp-json\/wp\/v2\/posts\/21955\/revisions"}],"wp:featuredmedia":[{"embeddable":true,"href":"https:\/\/www.ambienteyenergia.gob.ec\/ambiente\/wp-json\/wp\/v2\/media\/21956"}],"wp:attachment":[{"href":"https:\/\/www.ambienteyenergia.gob.ec\/ambiente\/wp-json\/wp\/v2\/media?parent=21955"}],"wp:term":[{"taxonomy":"category","embeddable":true,"href":"https:\/\/www.ambienteyenergia.gob.ec\/ambiente\/wp-json\/wp\/v2\/categories?post=21955"},{"taxonomy":"post_tag","embeddable":true,"href":"https:\/\/www.ambienteyenergia.gob.ec\/ambiente\/wp-json\/wp\/v2\/tags?post=21955"}],"curies":[{"name":"wp","href":"https:\/\/api.w.org\/{rel}","templated":true}]}}