{"id":21952,"date":"2014-08-13T09:54:57","date_gmt":"2014-08-13T14:54:57","guid":{"rendered":"http:\/\/www.ambiente.gob.ec\/?p=21952"},"modified":"2014-08-13T10:02:56","modified_gmt":"2014-08-13T15:02:56","slug":"proyecto-huella-ecologica-busca-capacitar-a-comunidad-universitaria-en-buenas-practicas-ambientales","status":"publish","type":"post","link":"https:\/\/www.ambienteyenergia.gob.ec\/ambiente\/proyecto-huella-ecologica-busca-capacitar-a-comunidad-universitaria-en-buenas-practicas-ambientales\/","title":{"rendered":"Proyecto Huella Ecol\u00f3gica busca capacitar a comunidad universitaria en buenas pr\u00e1cticas ambientales"},"content":{"rendered":"<p style=\"text-align: justify;\"><em>Fomentar una cultura de consumo responsable es uno de los objetivos de la jornada de talleres que realizar\u00e1 el Proyecto Huella Ecol\u00f3gica del Ministerio del Ambiente, en distintas universidades del pa\u00eds. <\/em><\/p>\n<p style=\"text-align: justify;\">Con el fin de crear una conciencia colectiva sobre el uso adecuado de los recursos, esta Cartera de Estado desarroll\u00f3 la Gu\u00eda de Buenas Pr\u00e1cticas Ambientales para Reducci\u00f3n de Huella Ecol\u00f3gica, herramienta enfocada en la gesti\u00f3n sostenible en las universidades y escuelas polit\u00e9cnicas.<\/p>\n<p style=\"text-align: justify;\">A trav\u00e9s de esta iniciativa se busca promover en la poblaci\u00f3n el conocimiento necesario para un adecuado manejo ambiental, capacitando a alrededor de 500 personas, entre ellas, estudiantes de 11 instituciones, personal docente y administrativo y representantes de autoridades en temas como el rol de las universidades en el desarrollo sostenible; ley de gesti\u00f3n ambiental; pol\u00edtica ambiental nacional; qu\u00e9 es Huella Ecol\u00f3gica, cu\u00e1les son sus componentes y c\u00f3mo se calcula; Huella Ecol\u00f3gica en Ecuador; y buenas pr\u00e1cticas ambientales.<\/p>\n<p style=\"text-align: justify;\">Otro de los componentes del proyecto consiste en calcular la Huella Ecol\u00f3gica que sus actividades cotidianas generan en el entorno natural y social, y as\u00ed, fomentar en la comunidad universitaria h\u00e1bitos que eviten el consumo innecesario de recursos, mediante la educaci\u00f3n ambiental y campa\u00f1as de sensibilizaci\u00f3n. Este c\u00e1lculo se realizar\u00e1 a trav\u00e9s del aplicativo inform\u00e1tico que el proyecto ha desarrollado para el efecto.<\/p>\n<p style=\"text-align: justify;\">Los contenidos de la gu\u00eda que servir\u00e1 de base para las capacitaciones motivan la participaci\u00f3n de la comunidad universitaria, a obtener a mediano plazo el Reconocimiento Ecuatoriano Ambiental &#8216;Punto Verde&#8217; impulsado por el MAE como reconocimiento a la gesti\u00f3n ambiental adecuada.<\/p>\n<p style=\"text-align: justify;\">Si bien, las universidades tienen la obligaci\u00f3n de promover acciones de educaci\u00f3n y cultura ecol\u00f3gica; el MAE tiene que fomentar en las distintas instituciones una adecuada gesti\u00f3n ambiental, enfocada en la aplicaci\u00f3n de buenas pr\u00e1cticas ambientales y ahorro de recursos como agua, energ\u00eda, creaci\u00f3n de espacios verdes y clasificaci\u00f3n de residuos.<\/p>\n<p style=\"text-align: justify;\">La iniciativa, que inici\u00f3 el a\u00f1o anterior, actualmente h logrado suscribir convenios de cooperaci\u00f3n interinstitucional con 11 universidades y escuelas polit\u00e9cnicas de Quito, Guayaquil, Cuenca y Loja. Las capacitaciones iniciar\u00e1n a finales del mes de agosto.<\/p>\n","protected":false},"excerpt":{"rendered":"<p class=\"excerpt\">Fomentar una cultura de consumo responsable es uno de los objetivos de la jornada de talleres que realizar\u00e1 el Proyecto Huella Ecol\u00f3gica del Ministerio del Ambiente, en distintas universidades del pa\u00eds. Con el fin de crear una conciencia colectiva sobre el uso adecuado de los recursos, esta Cartera de Estado desarroll\u00f3 la Gu\u00eda de Buenas Pr\u00e1cticas Ambientales para Reducci\u00f3n de&hellip; <a href=\"https:\/\/www.ambienteyenergia.gob.ec\/ambiente\/proyecto-huella-ecologica-busca-capacitar-a-comunidad-universitaria-en-buenas-practicas-ambientales\/\">Read more &rarr;<\/a><\/p>\n","protected":false},"author":13,"featured_media":21954,"comment_status":"open","ping_status":"open","sticky":false,"template":"","format":"standard","meta":{"footnotes":""},"categories":[16,4],"tags":[],"class_list":["post-21952","post","type-post","status-publish","format-standard","has-post-thumbnail","hentry","category-comunicamos","category-noticias","xfolkentry"],"_links":{"self":[{"href":"https:\/\/www.ambienteyenergia.gob.ec\/ambiente\/wp-json\/wp\/v2\/posts\/21952","targetHints":{"allow":["GET"]}}],"collection":[{"href":"https:\/\/www.ambienteyenergia.gob.ec\/ambiente\/wp-json\/wp\/v2\/posts"}],"about":[{"href":"https:\/\/www.ambienteyenergia.gob.ec\/ambiente\/wp-json\/wp\/v2\/types\/post"}],"author":[{"embeddable":true,"href":"https:\/\/www.ambienteyenergia.gob.ec\/ambiente\/wp-json\/wp\/v2\/users\/13"}],"replies":[{"embeddable":true,"href":"https:\/\/www.ambienteyenergia.gob.ec\/ambiente\/wp-json\/wp\/v2\/comments?post=21952"}],"version-history":[{"count":0,"href":"https:\/\/www.ambienteyenergia.gob.ec\/ambiente\/wp-json\/wp\/v2\/posts\/21952\/revisions"}],"wp:featuredmedia":[{"embeddable":true,"href":"https:\/\/www.ambienteyenergia.gob.ec\/ambiente\/wp-json\/wp\/v2\/media\/21954"}],"wp:attachment":[{"href":"https:\/\/www.ambienteyenergia.gob.ec\/ambiente\/wp-json\/wp\/v2\/media?parent=21952"}],"wp:term":[{"taxonomy":"category","embeddable":true,"href":"https:\/\/www.ambienteyenergia.gob.ec\/ambiente\/wp-json\/wp\/v2\/categories?post=21952"},{"taxonomy":"post_tag","embeddable":true,"href":"https:\/\/www.ambienteyenergia.gob.ec\/ambiente\/wp-json\/wp\/v2\/tags?post=21952"}],"curies":[{"name":"wp","href":"https:\/\/api.w.org\/{rel}","templated":true}]}}