{"id":21942,"date":"2014-08-11T12:59:46","date_gmt":"2014-08-11T17:59:46","guid":{"rendered":"http:\/\/www.ambiente.gob.ec\/?p=21942"},"modified":"2014-08-11T13:05:43","modified_gmt":"2014-08-11T18:05:43","slug":"mae-participa-en-jornadas-del-buen-vivir-hoy-en-el-canton-la-concordia","status":"publish","type":"post","link":"https:\/\/www.ambienteyenergia.gob.ec\/ambiente\/mae-participa-en-jornadas-del-buen-vivir-hoy-en-el-canton-la-concordia\/","title":{"rendered":"MAE participa en Jornadas del Buen Vivir Hoy en el cant\u00f3n La Concordia"},"content":{"rendered":"<p style=\"text-align: justify;\">La Concordia fue el escenario en donde se realizaron las Jornadas del Buen Vivir Hoy, la misma que fue organizada y liderada por la Gobernaci\u00f3n Provincial de Santo Domingo de los Ts\u00e1chilas. En el evento participaron autoridades de gobierno representando a todas las entidades p\u00fablicas de la provincia.<\/p>\n<p style=\"text-align: justify;\">El Ministerio del Ambiente de Ecuador (MAE), a trav\u00e9s de la Direcci\u00f3n Provincial del Ambiente de Santo Domingo de los Ts\u00e1chilas particip\u00f3 con un stand, en la que profesionales de las Unidades de Patrimonio Natural y Calidad Ambiental, entregaron cartillas y d\u00edpticos. Adem\u00e1s de informar sobre los programas y proyectos que ejecuta esta Cartera de Estado en el campo ambiental, forestal y de biodiversidad, contribuyendo as\u00ed al fortalecimiento de la gesti\u00f3n gubernamental en este nuevo cant\u00f3n de la provincia ts\u00e1chila.<\/p>\n<p style=\"text-align: justify;\">A los m\u00e1s de 250 visitantes al espacio del MAE se les entreg\u00f3 \u00e1rboles de especies forestales maderables de la regi\u00f3n como guayac\u00e1n nativo (Tabebuia chrysantha), moral fino (Maclura tinctoria) y caucho (Castilla elastica), en el marco de la campa\u00f1a &#8216;Planta un \u00e1rbol nativo&#8217;.<\/p>\n<p style=\"text-align: justify;\">Los visitantes al stand conocieron de temas como el reciclaje, reforestaci\u00f3n, cuidado del ambiente, rescate de vida silvestre, huella ecol\u00f3gica, entre otos, comprometi\u00e9ndose a trabajar voluntariamente motivando a familiares, vecinos y amigos a cuidar y conservar nuestro Ecuador Verde.<\/p>\n","protected":false},"excerpt":{"rendered":"<p class=\"excerpt\">La Concordia fue el escenario en donde se realizaron las Jornadas del Buen Vivir Hoy, la misma que fue organizada y liderada por la Gobernaci\u00f3n Provincial de Santo Domingo de los Ts\u00e1chilas. En el evento participaron autoridades de gobierno representando a todas las entidades p\u00fablicas de la provincia. El Ministerio del Ambiente de Ecuador (MAE), a trav\u00e9s de la Direcci\u00f3n&hellip; <a href=\"https:\/\/www.ambienteyenergia.gob.ec\/ambiente\/mae-participa-en-jornadas-del-buen-vivir-hoy-en-el-canton-la-concordia\/\">Read more &rarr;<\/a><\/p>\n","protected":false},"author":13,"featured_media":21943,"comment_status":"open","ping_status":"open","sticky":false,"template":"","format":"standard","meta":{"footnotes":""},"categories":[16,4],"tags":[532,531,108,53,382],"class_list":["post-21942","post","type-post","status-publish","format-standard","has-post-thumbnail","hentry","category-comunicamos","category-noticias","tag-buen-vivir","tag-ferias","tag-lorena-tapia","tag-mae","tag-santo-domingo-de-los-tsachilas","xfolkentry"],"_links":{"self":[{"href":"https:\/\/www.ambienteyenergia.gob.ec\/ambiente\/wp-json\/wp\/v2\/posts\/21942","targetHints":{"allow":["GET"]}}],"collection":[{"href":"https:\/\/www.ambienteyenergia.gob.ec\/ambiente\/wp-json\/wp\/v2\/posts"}],"about":[{"href":"https:\/\/www.ambienteyenergia.gob.ec\/ambiente\/wp-json\/wp\/v2\/types\/post"}],"author":[{"embeddable":true,"href":"https:\/\/www.ambienteyenergia.gob.ec\/ambiente\/wp-json\/wp\/v2\/users\/13"}],"replies":[{"embeddable":true,"href":"https:\/\/www.ambienteyenergia.gob.ec\/ambiente\/wp-json\/wp\/v2\/comments?post=21942"}],"version-history":[{"count":0,"href":"https:\/\/www.ambienteyenergia.gob.ec\/ambiente\/wp-json\/wp\/v2\/posts\/21942\/revisions"}],"wp:featuredmedia":[{"embeddable":true,"href":"https:\/\/www.ambienteyenergia.gob.ec\/ambiente\/wp-json\/wp\/v2\/media\/21943"}],"wp:attachment":[{"href":"https:\/\/www.ambienteyenergia.gob.ec\/ambiente\/wp-json\/wp\/v2\/media?parent=21942"}],"wp:term":[{"taxonomy":"category","embeddable":true,"href":"https:\/\/www.ambienteyenergia.gob.ec\/ambiente\/wp-json\/wp\/v2\/categories?post=21942"},{"taxonomy":"post_tag","embeddable":true,"href":"https:\/\/www.ambienteyenergia.gob.ec\/ambiente\/wp-json\/wp\/v2\/tags?post=21942"}],"curies":[{"name":"wp","href":"https:\/\/api.w.org\/{rel}","templated":true}]}}