{"id":21931,"date":"2014-08-11T10:39:12","date_gmt":"2014-08-11T15:39:12","guid":{"rendered":"http:\/\/www.ambiente.gob.ec\/?p=21931"},"modified":"2014-08-11T10:39:12","modified_gmt":"2014-08-11T15:39:12","slug":"mae-realiza-actividades-preventivas-para-evitar-enmallamiento-de-ballenas-jorobadas-en-santa-elena","status":"publish","type":"post","link":"https:\/\/www.ambienteyenergia.gob.ec\/ambiente\/mae-realiza-actividades-preventivas-para-evitar-enmallamiento-de-ballenas-jorobadas-en-santa-elena\/","title":{"rendered":"MAE realiza actividades preventivas para evitar enmallamiento de ballenas jorobadas en Santa Elena"},"content":{"rendered":"<p class=\"western\" lang=\"es-MX\" style=\"text-align: justify;\" align=\"JUSTIFY\">Cada a\u00f1o las ballenas jorobadas visitan las costas del Ecuador durante los meses de junio a septiembre, convirti\u00e9ndose en un atractivo importante para el turismo en la provincia de Santa Elena, y un objeto de conservaci\u00f3n para la biodiversidad marina de nuestro pa\u00eds.<\/p>\n<p class=\"western\" lang=\"es-MX\" style=\"text-align: justify;\" align=\"JUSTIFY\">Con el objetivo de evitar varamiento por enmallamiento de estos espec\u00edmenes de vida silvestre en las costas ecuatorianas, el Ministerio del Ambiente de Ecuador (MAE), a trav\u00e9s de la Direcci\u00f3n Provincial del Ambiente de Santa Elena, realiz\u00f3 un operativo de control y monitoreo en el perfil costero de la Reserva Marina \u201cEl Pelado\u201d y la Reserva de Producci\u00f3n de Fauna Marina Costera Puntilla de Santa Elena (REMACOPSE).<\/p>\n<p class=\"western\" lang=\"es-MX\" style=\"text-align: justify;\" align=\"JUSTIFY\">La aplicaci\u00f3n de este plan de acci\u00f3n consiste en realizar un recorrido mar\u00edtimo dentro de estas \u00e1reas a bordo de la embarcaci\u00f3n \u201cGIGIMA\u201d, de la Reserva Puntilla de Santa Elena, con el personal t\u00e9cnico de ambas reservas, en busca de trasmallos a la deriva y retirarlos, adem\u00e1s de buscar ballenas que se encuentren enredadas y activar las acciones de rescate de los cet\u00e1ceos.<\/p>\n<p class=\"western\" lang=\"es-MX\" style=\"text-align: justify;\" align=\"JUSTIFY\">As\u00ed mismo se realizaran, de forma permanente, controles a las embarcaciones que realizan avistamiento de ballenas bajo operaci\u00f3n tur\u00edstica autorizada y evitar que embarcaciones que no est\u00e1n preparadas y autorizadas realicen la actividad.<\/p>\n<p class=\"western\" lang=\"es-MX\" style=\"text-align: justify;\" align=\"JUSTIFY\">Los monitoreos iniciaron el d\u00eda viernes 8 de agosto 2014, y se llevar\u00e1n a cabo sistem\u00e1ticamente cada semana cubriendo \u00e1reas marinas dentro y fuera de las reservas, hasta el mes de octubre del presente a\u00f1o, en que estos enormes cet\u00e1ceos se retiran poco a poco de nuestras costas.<\/p>\n<p class=\"western\" lang=\"es-MX\" style=\"text-align: justify;\" align=\"JUSTIFY\">Durante el primer monitoreo marino no se evidenciaron trasmallos que afecten a las ballenas o animales enredados, se controlaron embarcaciones que realizan avistamiento de ballenas y se evit\u00f3 la mala pr\u00e1ctica de la misma de acuerdo a la Normativa sobre el avistamiento de ballenas y delfines.<\/p>\n<p class=\"western\" lang=\"es-MX\" style=\"text-align: justify;\" align=\"JUSTIFY\"><a name=\"_GoBack\"><\/a>Se solicita a la ciudadan\u00eda en general que acude a realizar avistamientos de ballenas en la provincia de Santa Elena, utilizar las embarcaciones autorizadas que cumplen con todas las normas de seguridad y personal capacitado en este tema. As\u00ed mismo, en caso de avistar una ballena enredada informar al ECU-911 para activar el plan de contingencia para evitar el varamiento de estos animales.<\/p>\n<p class=\"western\" lang=\"es-MX\" style=\"text-align: justify;\" align=\"JUSTIFY\"><b>El Dato<\/b><\/p>\n<p class=\"western\" lang=\"es-MX\" style=\"text-align: justify;\" align=\"JUSTIFY\">En a\u00f1os anteriores se han presentado varamiento y muerte de estas especies, en la mayor\u00eda causadas por el enmallamiento en redes de pesca abandonadas por los pescadores y que se encuentran a la deriva en el mar, raz\u00f3n por la cual se han implementado acciones preventivas con el objetivo principal de prevenir el enmallamiento de las ballenas jorobadas.<\/p>\n","protected":false},"excerpt":{"rendered":"<p class=\"excerpt\">Cada a\u00f1o las ballenas jorobadas visitan las costas del Ecuador durante los meses de junio a septiembre, convirti\u00e9ndose en un atractivo importante para el turismo en la provincia de Santa Elena, y un objeto de conservaci\u00f3n para la biodiversidad marina de nuestro pa\u00eds. Con el objetivo de evitar varamiento por enmallamiento de estos espec\u00edmenes de vida silvestre en las costas&hellip; <a href=\"https:\/\/www.ambienteyenergia.gob.ec\/ambiente\/mae-realiza-actividades-preventivas-para-evitar-enmallamiento-de-ballenas-jorobadas-en-santa-elena\/\">Read more &rarr;<\/a><\/p>\n","protected":false},"author":13,"featured_media":21932,"comment_status":"open","ping_status":"open","sticky":false,"template":"","format":"standard","meta":{"footnotes":""},"categories":[16,4],"tags":[530,387,186],"class_list":["post-21931","post","type-post","status-publish","format-standard","has-post-thumbnail","hentry","category-comunicamos","category-noticias","tag-ballenas","tag-mae-lorena-tapia","tag-santa-elena","xfolkentry"],"_links":{"self":[{"href":"https:\/\/www.ambienteyenergia.gob.ec\/ambiente\/wp-json\/wp\/v2\/posts\/21931","targetHints":{"allow":["GET"]}}],"collection":[{"href":"https:\/\/www.ambienteyenergia.gob.ec\/ambiente\/wp-json\/wp\/v2\/posts"}],"about":[{"href":"https:\/\/www.ambienteyenergia.gob.ec\/ambiente\/wp-json\/wp\/v2\/types\/post"}],"author":[{"embeddable":true,"href":"https:\/\/www.ambienteyenergia.gob.ec\/ambiente\/wp-json\/wp\/v2\/users\/13"}],"replies":[{"embeddable":true,"href":"https:\/\/www.ambienteyenergia.gob.ec\/ambiente\/wp-json\/wp\/v2\/comments?post=21931"}],"version-history":[{"count":0,"href":"https:\/\/www.ambienteyenergia.gob.ec\/ambiente\/wp-json\/wp\/v2\/posts\/21931\/revisions"}],"wp:featuredmedia":[{"embeddable":true,"href":"https:\/\/www.ambienteyenergia.gob.ec\/ambiente\/wp-json\/wp\/v2\/media\/21932"}],"wp:attachment":[{"href":"https:\/\/www.ambienteyenergia.gob.ec\/ambiente\/wp-json\/wp\/v2\/media?parent=21931"}],"wp:term":[{"taxonomy":"category","embeddable":true,"href":"https:\/\/www.ambienteyenergia.gob.ec\/ambiente\/wp-json\/wp\/v2\/categories?post=21931"},{"taxonomy":"post_tag","embeddable":true,"href":"https:\/\/www.ambienteyenergia.gob.ec\/ambiente\/wp-json\/wp\/v2\/tags?post=21931"}],"curies":[{"name":"wp","href":"https:\/\/api.w.org\/{rel}","templated":true}]}}