{"id":21928,"date":"2014-08-11T09:24:57","date_gmt":"2014-08-11T14:24:57","guid":{"rendered":"http:\/\/www.ambiente.gob.ec\/?p=21928"},"modified":"2014-08-11T09:24:57","modified_gmt":"2014-08-11T14:24:57","slug":"mae-socializo-plan-para-combatir-incendios-forestales-en-azuay","status":"publish","type":"post","link":"https:\/\/www.ambienteyenergia.gob.ec\/ambiente\/mae-socializo-plan-para-combatir-incendios-forestales-en-azuay\/","title":{"rendered":"MAE socializ\u00f3 plan para combatir incendios forestales en Azuay"},"content":{"rendered":"<p style=\"text-align: justify;\">Con el fin de informar a la ciudadan\u00eda sobre la campa\u00f1a de prevenci\u00f3n y control de incendios forestales, el Ministerio del Ambiente (MAE), la Secretar\u00eda de Gesti\u00f3n de Riesgos y el Cuerpo de Bomberos de Cuenca, en rueda de prensa, anunciaron los acuerdos insterinstitucionales que ejecutar\u00e1n en la provincia de Azuay, especialmente en estas fechas (agosto &#8211; octubre), que es cuando se intensifican los flagelos.<\/p>\n<p style=\"text-align: justify;\">El acto, que se desarroll\u00f3 el pasado 8 de agosto, cont\u00f3 con la presencia de de la Secretaria de Gesti\u00f3n de Riesgos,\u00a0Mar\u00eda del Pilar Cornejo y directores de las instituciones involucradas; quienes se comprometieron a unir esfuerzos para evitar la p\u00e9rdida de ecosistemas y difundir un mensaje de conservaci\u00f3n.<\/p>\n<p style=\"text-align: justify;\">Luego del acto oficial, se realiz\u00f3 una casa abierta en la cual se difundieron las acciones del Ministerio del Ambiente y otras instituciones en torno a la prevenci\u00f3n de incendios forestales y sobre las medidas que se toman para mitigar y controlar este fen\u00f3meno natural, sobre todo en zonas fr\u00e1giles.<\/p>\n<p style=\"text-align: justify;\">A trav\u00e9s de los distintos stands, la ciudadan\u00eda pudo identificar los peligros y los efectos que causan las llamas en los espacios naturales. Esta iniciativa sirvi\u00f3 para concienciar a la poblaci\u00f3n e informarla, evitando as\u00ed incidentes involuntarios que puedan terminar en un incendio.<\/p>\n<p style=\"text-align: justify;\">Asimismo, como parte de esta campa\u00f1a, la Direcci\u00f3n Provincial del Ambiente de Azuay, elabora y difunde un plan participativo para evitar flagelos forestales en \u00e1reas protegidas y bosques protectores, el mismo que servir\u00e1 como una herramienta para combatir situaciones de riesgo.<\/p>\n","protected":false},"excerpt":{"rendered":"<p class=\"excerpt\">Con el fin de informar a la ciudadan\u00eda sobre la campa\u00f1a de prevenci\u00f3n y control de incendios forestales, el Ministerio del Ambiente (MAE), la Secretar\u00eda de Gesti\u00f3n de Riesgos y el Cuerpo de Bomberos de Cuenca, en rueda de prensa, anunciaron los acuerdos insterinstitucionales que ejecutar\u00e1n en la provincia de Azuay, especialmente en estas fechas (agosto &#8211; octubre), que es&hellip; <a href=\"https:\/\/www.ambienteyenergia.gob.ec\/ambiente\/mae-socializo-plan-para-combatir-incendios-forestales-en-azuay\/\">Read more &rarr;<\/a><\/p>\n","protected":false},"author":13,"featured_media":21929,"comment_status":"open","ping_status":"open","sticky":false,"template":"","format":"standard","meta":{"footnotes":""},"categories":[16,4],"tags":[],"class_list":["post-21928","post","type-post","status-publish","format-standard","has-post-thumbnail","hentry","category-comunicamos","category-noticias","xfolkentry"],"_links":{"self":[{"href":"https:\/\/www.ambienteyenergia.gob.ec\/ambiente\/wp-json\/wp\/v2\/posts\/21928","targetHints":{"allow":["GET"]}}],"collection":[{"href":"https:\/\/www.ambienteyenergia.gob.ec\/ambiente\/wp-json\/wp\/v2\/posts"}],"about":[{"href":"https:\/\/www.ambienteyenergia.gob.ec\/ambiente\/wp-json\/wp\/v2\/types\/post"}],"author":[{"embeddable":true,"href":"https:\/\/www.ambienteyenergia.gob.ec\/ambiente\/wp-json\/wp\/v2\/users\/13"}],"replies":[{"embeddable":true,"href":"https:\/\/www.ambienteyenergia.gob.ec\/ambiente\/wp-json\/wp\/v2\/comments?post=21928"}],"version-history":[{"count":0,"href":"https:\/\/www.ambienteyenergia.gob.ec\/ambiente\/wp-json\/wp\/v2\/posts\/21928\/revisions"}],"wp:featuredmedia":[{"embeddable":true,"href":"https:\/\/www.ambienteyenergia.gob.ec\/ambiente\/wp-json\/wp\/v2\/media\/21929"}],"wp:attachment":[{"href":"https:\/\/www.ambienteyenergia.gob.ec\/ambiente\/wp-json\/wp\/v2\/media?parent=21928"}],"wp:term":[{"taxonomy":"category","embeddable":true,"href":"https:\/\/www.ambienteyenergia.gob.ec\/ambiente\/wp-json\/wp\/v2\/categories?post=21928"},{"taxonomy":"post_tag","embeddable":true,"href":"https:\/\/www.ambienteyenergia.gob.ec\/ambiente\/wp-json\/wp\/v2\/tags?post=21928"}],"curies":[{"name":"wp","href":"https:\/\/api.w.org\/{rel}","templated":true}]}}