{"id":21924,"date":"2014-08-08T17:07:33","date_gmt":"2014-08-08T22:07:33","guid":{"rendered":"http:\/\/www.ambiente.gob.ec\/?p=21924"},"modified":"2014-08-08T17:07:33","modified_gmt":"2014-08-08T22:07:33","slug":"mae-santo-domingo-de-los-tsachilas-celebra-el-dia-interamericano-de-la-calidad-del-aire-con-panel-foro","status":"publish","type":"post","link":"https:\/\/www.ambienteyenergia.gob.ec\/ambiente\/mae-santo-domingo-de-los-tsachilas-celebra-el-dia-interamericano-de-la-calidad-del-aire-con-panel-foro\/","title":{"rendered":"MAE Santo Domingo de los Ts\u00e1chilas celebra el D\u00eda Interamericano de la Calidad del Aire con Panel-Foro"},"content":{"rendered":"<p style=\"text-align: justify;\">En conmemoraci\u00f3n del D\u00eda Interamericano de la Calidad del Aire (DIAIRE), el Ministerio del Ambiente de Ecuador (MAE), a trav\u00e9s de su Direcci\u00f3n Provincial del Santo Domingo, se llev\u00f3 acabo un Panel-Foro en la Casa Legislativa Provincial.<\/p>\n<p style=\"text-align: justify;\">\n<p style=\"text-align: justify;\">El evento cont\u00f3 con la presencia de distinguidos panelistas de la Direcci\u00f3n Provincial de Salud, Gobierno Aut\u00f3nomo Descentralizado Provincial, Empresa P\u00fablica Municipal de Transporte Terrestre de Santo Domingo de los Ts\u00e1chilas. En este evento participaron cerca de 30 estudiantes de bachillerato de las Unidades Educativas\u00a0 Instituto T\u00e9cnico Superior Agropecuario \u201cAbraham Calazac\u00f3n\u201d y Colegio Agropecuario Luz de Am\u00e9rica.<\/p>\n<p style=\"text-align: justify;\">\n<p style=\"text-align: justify;\">Los estudiantes adem\u00e1s participan activamente en Educaci\u00f3n Ambiental, en colaboraci\u00f3n con el MAE en actividades de manejo y conservaci\u00f3n del patrimonio natural de la provincia.<\/p>\n<p style=\"text-align: justify;\">\n<p style=\"text-align: justify;\">T\u00e9cnicos de esta Cartera de Estado realizaron una presentaci\u00f3n, en el marco del DIAIRE, por medio de varias din\u00e1micas en grupo para promover la integraci\u00f3n de los asistentes al foro.<\/p>\n<p style=\"text-align: justify;\">\n<p style=\"text-align: justify;\">Al finalizar esta jornada, hubo un espacio para preguntas y respuestas relacionadas con la calidad del aire, donde se entregaron obsequios que consist\u00edan en gorras, tomatodos y pulseras a los participantes que respondieron acertadamente.<\/p>\n<p style=\"text-align: justify;\">\n<p style=\"text-align: justify;\">Los estudiantes asistentes y participantes llegaron a varias conclusiones y se interesaron por conocer de temas como la contaminaci\u00f3n ambiental, buenas pr\u00e1cticas ambientales, Huella Ecol\u00f3gica.<\/p>\n<p style=\"text-align: justify;\">\n","protected":false},"excerpt":{"rendered":"<p class=\"excerpt\">En conmemoraci\u00f3n del D\u00eda Interamericano de la Calidad del Aire (DIAIRE), el Ministerio del Ambiente de Ecuador (MAE), a trav\u00e9s de su Direcci\u00f3n Provincial del Santo Domingo, se llev\u00f3 acabo un Panel-Foro en la Casa Legislativa Provincial. El evento cont\u00f3 con la presencia de distinguidos panelistas de la Direcci\u00f3n Provincial de Salud, Gobierno Aut\u00f3nomo Descentralizado Provincial, Empresa P\u00fablica Municipal de&hellip; <a href=\"https:\/\/www.ambienteyenergia.gob.ec\/ambiente\/mae-santo-domingo-de-los-tsachilas-celebra-el-dia-interamericano-de-la-calidad-del-aire-con-panel-foro\/\">Read more &rarr;<\/a><\/p>\n","protected":false},"author":13,"featured_media":21925,"comment_status":"open","ping_status":"open","sticky":false,"template":"","format":"standard","meta":{"footnotes":""},"categories":[16,4],"tags":[],"class_list":["post-21924","post","type-post","status-publish","format-standard","has-post-thumbnail","hentry","category-comunicamos","category-noticias","xfolkentry"],"_links":{"self":[{"href":"https:\/\/www.ambienteyenergia.gob.ec\/ambiente\/wp-json\/wp\/v2\/posts\/21924","targetHints":{"allow":["GET"]}}],"collection":[{"href":"https:\/\/www.ambienteyenergia.gob.ec\/ambiente\/wp-json\/wp\/v2\/posts"}],"about":[{"href":"https:\/\/www.ambienteyenergia.gob.ec\/ambiente\/wp-json\/wp\/v2\/types\/post"}],"author":[{"embeddable":true,"href":"https:\/\/www.ambienteyenergia.gob.ec\/ambiente\/wp-json\/wp\/v2\/users\/13"}],"replies":[{"embeddable":true,"href":"https:\/\/www.ambienteyenergia.gob.ec\/ambiente\/wp-json\/wp\/v2\/comments?post=21924"}],"version-history":[{"count":0,"href":"https:\/\/www.ambienteyenergia.gob.ec\/ambiente\/wp-json\/wp\/v2\/posts\/21924\/revisions"}],"wp:featuredmedia":[{"embeddable":true,"href":"https:\/\/www.ambienteyenergia.gob.ec\/ambiente\/wp-json\/wp\/v2\/media\/21925"}],"wp:attachment":[{"href":"https:\/\/www.ambienteyenergia.gob.ec\/ambiente\/wp-json\/wp\/v2\/media?parent=21924"}],"wp:term":[{"taxonomy":"category","embeddable":true,"href":"https:\/\/www.ambienteyenergia.gob.ec\/ambiente\/wp-json\/wp\/v2\/categories?post=21924"},{"taxonomy":"post_tag","embeddable":true,"href":"https:\/\/www.ambienteyenergia.gob.ec\/ambiente\/wp-json\/wp\/v2\/tags?post=21924"}],"curies":[{"name":"wp","href":"https:\/\/api.w.org\/{rel}","templated":true}]}}