{"id":21921,"date":"2014-08-08T17:02:44","date_gmt":"2014-08-08T22:02:44","guid":{"rendered":"http:\/\/www.ambiente.gob.ec\/?p=21921"},"modified":"2014-08-08T17:02:44","modified_gmt":"2014-08-08T22:02:44","slug":"mae-desarrollo-foro-en-conmemoracion-al-dia-interamericano-de-la-calidad-del-aire","status":"publish","type":"post","link":"https:\/\/www.ambienteyenergia.gob.ec\/ambiente\/mae-desarrollo-foro-en-conmemoracion-al-dia-interamericano-de-la-calidad-del-aire\/","title":{"rendered":"MAE desarroll\u00f3 foro en conmemoraci\u00f3n al D\u00eda Interamericano de la Calidad del Aire"},"content":{"rendered":"<p style=\"text-align: justify;\">En conmemoraci\u00f3n al D\u00eda Interamericano de la Calidad del Aire<b> <\/b>celebrado el 8 de agosto de cada a\u00f1o, el Ministerio del Ambiente (MAE), a trav\u00e9s de la Direcci\u00f3n Provincial de Chimborazo, desarroll\u00f3 el Panel Foro Provincial \u201cLa Calidad del Aire es Vida\u201d, con el objetivo concienciar sobre la importancia de este recurso en la salud humana y el entorno natural, as\u00ed como, identificar propuestas de acci\u00f3n para mejorar la calidad atmosf\u00e9rica en la provincia.<\/p>\n<p style=\"text-align: justify;\">La actividad cont\u00f3 con la participaci\u00f3n de siete j\u00f3venes representantes de los sectores de salud, turismo, agroindustria, comunicaci\u00f3n e instituciones educativas. Durante el foro, los expositores explicaron en un tiempo de 50 minutos, la realidad del aire en la provincia, adem\u00e1s plantearon propuestas como realizar programas y proyectos de educaci\u00f3n ambiental ciudadana que integren a instituciones y comunidades Kichwas. De la misma forma, se plante\u00f3 la necesidad de implementar ciclov\u00edas para evitar el uso de veh\u00edculos y promover la aplicaci\u00f3n de actividades ambientales al interior de los centros educativos.<\/p>\n<p style=\"text-align: justify;\">Magaly Oviedo Moncayo, Directora Provincial de Chimborazo, agradeci\u00f3 a los asistentes y panelistas que participaron en el foro y motivo a la comunidad a continuar trabajando en propuestas de conservaci\u00f3n y protecci\u00f3n de recursos naturales.<\/p>\n<p style=\"text-align: justify;\">Al finalizar\u00a0 el evento ambiental, el MAE entreg\u00f3 un certificado junto a un kit de la Calidad del Aire en reconocimiento a la intervenci\u00f3n de los panelistas.<\/p>\n<p style=\"text-align: justify;\">El MAE, como principal autoridad ambiental, invit\u00f3 a los panelistas a aplicar sus conocimientos y a trabajar en temas de educaci\u00f3n ambiental desde sus diferentes ramas profesionales para concienciar a la ciudadan\u00eda.<\/p>\n<p style=\"text-align: justify;\">\n","protected":false},"excerpt":{"rendered":"<p class=\"excerpt\">En conmemoraci\u00f3n al D\u00eda Interamericano de la Calidad del Aire celebrado el 8 de agosto de cada a\u00f1o, el Ministerio del Ambiente (MAE), a trav\u00e9s de la Direcci\u00f3n Provincial de Chimborazo, desarroll\u00f3 el Panel Foro Provincial \u201cLa Calidad del Aire es Vida\u201d, con el objetivo concienciar sobre la importancia de este recurso en la salud humana y el entorno natural,&hellip; <a href=\"https:\/\/www.ambienteyenergia.gob.ec\/ambiente\/mae-desarrollo-foro-en-conmemoracion-al-dia-interamericano-de-la-calidad-del-aire\/\">Read more &rarr;<\/a><\/p>\n","protected":false},"author":13,"featured_media":21922,"comment_status":"open","ping_status":"open","sticky":false,"template":"","format":"standard","meta":{"footnotes":""},"categories":[16,4],"tags":[],"class_list":["post-21921","post","type-post","status-publish","format-standard","has-post-thumbnail","hentry","category-comunicamos","category-noticias","xfolkentry"],"_links":{"self":[{"href":"https:\/\/www.ambienteyenergia.gob.ec\/ambiente\/wp-json\/wp\/v2\/posts\/21921","targetHints":{"allow":["GET"]}}],"collection":[{"href":"https:\/\/www.ambienteyenergia.gob.ec\/ambiente\/wp-json\/wp\/v2\/posts"}],"about":[{"href":"https:\/\/www.ambienteyenergia.gob.ec\/ambiente\/wp-json\/wp\/v2\/types\/post"}],"author":[{"embeddable":true,"href":"https:\/\/www.ambienteyenergia.gob.ec\/ambiente\/wp-json\/wp\/v2\/users\/13"}],"replies":[{"embeddable":true,"href":"https:\/\/www.ambienteyenergia.gob.ec\/ambiente\/wp-json\/wp\/v2\/comments?post=21921"}],"version-history":[{"count":0,"href":"https:\/\/www.ambienteyenergia.gob.ec\/ambiente\/wp-json\/wp\/v2\/posts\/21921\/revisions"}],"wp:featuredmedia":[{"embeddable":true,"href":"https:\/\/www.ambienteyenergia.gob.ec\/ambiente\/wp-json\/wp\/v2\/media\/21922"}],"wp:attachment":[{"href":"https:\/\/www.ambienteyenergia.gob.ec\/ambiente\/wp-json\/wp\/v2\/media?parent=21921"}],"wp:term":[{"taxonomy":"category","embeddable":true,"href":"https:\/\/www.ambienteyenergia.gob.ec\/ambiente\/wp-json\/wp\/v2\/categories?post=21921"},{"taxonomy":"post_tag","embeddable":true,"href":"https:\/\/www.ambienteyenergia.gob.ec\/ambiente\/wp-json\/wp\/v2\/tags?post=21921"}],"curies":[{"name":"wp","href":"https:\/\/api.w.org\/{rel}","templated":true}]}}