{"id":21906,"date":"2014-08-08T10:44:43","date_gmt":"2014-08-08T15:44:43","guid":{"rendered":"http:\/\/www.ambiente.gob.ec\/?p=21906"},"modified":"2014-08-08T11:20:25","modified_gmt":"2014-08-08T16:20:25","slug":"controlar-la-contaminacion-ambiental-contribuye-a-mejorar-la-calidad-de-vida-de-la-poblacion","status":"publish","type":"post","link":"https:\/\/www.ambienteyenergia.gob.ec\/ambiente\/controlar-la-contaminacion-ambiental-contribuye-a-mejorar-la-calidad-de-vida-de-la-poblacion\/","title":{"rendered":"Controlar la contaminaci\u00f3n ambiental  contribuye a mejorar la calidad de vida de la poblaci\u00f3n"},"content":{"rendered":"<p style=\"text-align: justify;\">La contaminaci\u00f3n representa uno de los conflictos ambientales m\u00e1s graves, principalmente en las zonas urbanas por el crecimiento acelerado de la poblaci\u00f3n, el incremento del parque automotor y el desarrollo industrial, entre otros. Por ello, es fundamental incorporar pol\u00edticas y acciones que ayuden a gestionar y controlar la calidad del aire.<\/p>\n<p style=\"text-align: justify;\">Como parte de estas acciones, cada segundo viernes de agosto, se conmemora el D\u00eda Interamericano de la Calidad del Aire, con el prop\u00f3sito de concienciar a toda la poblaci\u00f3n sobre la importancia de evitar el uso de elementos nocivos que puedan afectar el entorno.<\/p>\n<p style=\"text-align: justify;\">La contaminaci\u00f3n del aire puede ocasionar impactos considerables sobre la salud humana y los ecosistemas, en ese sentido, el Ministerio del Ambiente del Ecuador (MAE) ejecuta varias acciones para mitigar este fen\u00f3meno. Una de ellas, fue la elaboraci\u00f3n del Plan Nacional de Calidad del Aire, desarrollado con un enfoque integrador, que tiene como objetivo principal alcanzar una calidad ambiental adecuada de este recurso, contribuyendo a mejorar la vida de la poblaci\u00f3n ecuatoriana.<\/p>\n<p style=\"text-align: justify;\">A partir del 2010, esta Cartera de Estado asume la ejecuci\u00f3n de este proyecto con el prop\u00f3sito de fortalecer, consolidar y sistematizar el control de la contaminaci\u00f3n del aire a nivel nacional, a trav\u00e9s del establecimiento de una red de monitoreo en poblaciones de m\u00e1s de 150 mil habitantes del \u00e1rea urbana. Con esta iniciativa, el MAE busca, a partir de la generaci\u00f3n de procesos de prevenci\u00f3n y la implementaci\u00f3n de herramientas de control, mejorar la calidad del aire en las zonas urbanas del pa\u00eds.<\/p>\n<p style=\"text-align: justify;\">Dentro de este contexto, se han implementado equipos de monitoreo de material particulado en las ciudades de Latacunga, Ambato, Riobamba, Santo Domingo de los Colorados, Ibarra, Manta, Portoviejo, Milagro, Babahoyo, Loja, Azogues y Esmeraldas y dos estaciones autom\u00e1ticas que registran datos de oxidos de nitr\u00f3geno, mon\u00f3xido de carbono, di\u00f3xido de azufre y ozono, material particulado y datos meteorol\u00f3gicos en las ciudades de Cuenca y Guayaquil. Con esto se pretende suministrar la informaci\u00f3n analizada en forma regular y eficiente, para de esta manera conocer el estado actual de la calidad del aire a nivel nacional.<\/p>\n<p style=\"text-align: justify;\">Otro instrumento estrat\u00e9gico\u00a0 del programa\u00a0 de gesti\u00f3n de calidad del aire es el inventario de emisiones que permite identificar de forma precisa los sectores de mayor contribuci\u00f3n por tipo de contaminante y consecuentemente las fuentes a las cuales deben aplicarse medidas de control prioritarias; lo que indudablemente facilita la toma de decisiones.<\/p>\n<p style=\"text-align: justify;\">En ese contexto, se desarrollaron inventarios de emisiones en las ciudades de Ambato, Riobamba, Latacunga, Santo Domingo de los Colorados, Manta, Portoviejo, Ibarra, Milagro, Esmeraldas, Loja, Azogues, Babahoyo,\u00a0 Quevedo , Quito y Cuenca; cuyos resultados reflejaron que una de las actividades que\u00a0 m\u00e1s contamina es el tr\u00e1fico vehicular, seguido de las emisiones provenientes de las industrias.<\/p>\n<p style=\"text-align: justify;\">Como respuesta a este conflicto socioambiental, el MAE en coordinaci\u00f3n con los diferentes Gobiernos Aut\u00f3nomos Descentralizados Municipales y Consejos Provinciales del pa\u00eds trabaja en la implementaci\u00f3n de pol\u00edticas y normas que garanticen la calidad del aire y que promuevan la prevenci\u00f3n de emisiones vehiculares, que son\u00a0 la principal fuente de contaminaci\u00f3n en el \u00e1rea urbana.<\/p>\n<p style=\"text-align: justify;\">Si bien todos tienen el derecho a exigir un ambiente sano y un aire limpio, es primordial aportar con acciones concretas como procurar no quemar basura a cielo abierto, disminuir el uso de aerosoles, realizar un adecuado mantenimiento de los autos y\u00a0 utilizar la bicicleta como un medio de transporte alternativo, entre otras medidas. La participaci\u00f3n ciudadana es un componente fundamental en este proceso.<\/p>\n<p style=\"text-align: justify;\">El MAE como ente rector, regulador y controlador del recurso aire trabaja desde diferentes frentes para abordar los problemas de contaminaci\u00f3n atmosf\u00e9rica y as\u00ed asegurar que las emisiones de gases se reduzcan o mantengan en un nivel aceptable, principalmente para precautelar la salud de la poblaci\u00f3n, los recursos naturales y el patrimonio cultural.<\/p>\n<p style=\"text-align: justify;\"><a href=\"http:\/\/www.ambienteyenergia.gob.ec\/ambiente\/wp-content\/uploads\/2014\/08\/8-de-agosto.jpg\"><img loading=\"lazy\" decoding=\"async\" class=\"aligncenter size-full wp-image-21911\" src=\"http:\/\/www.ambienteyenergia.gob.ec\/ambiente\/wp-content\/uploads\/2014\/08\/8-de-agosto.jpg\" alt=\"8-de-agosto\" width=\"843\" height=\"403\" srcset=\"https:\/\/www.ambienteyenergia.gob.ec\/ambiente\/wp-content\/uploads\/sites\/2\/2014\/08\/8-de-agosto.jpg 843w, https:\/\/www.ambienteyenergia.gob.ec\/ambiente\/wp-content\/uploads\/sites\/2\/2014\/08\/8-de-agosto-300x143.jpg 300w, https:\/\/www.ambienteyenergia.gob.ec\/ambiente\/wp-content\/uploads\/sites\/2\/2014\/08\/8-de-agosto-500x239.jpg 500w\" sizes=\"auto, (max-width: 843px) 100vw, 843px\" \/><\/a><\/p>\n<p style=\"text-align: justify;\">\n","protected":false},"excerpt":{"rendered":"<p class=\"excerpt\">La contaminaci\u00f3n representa uno de los conflictos ambientales m\u00e1s graves, principalmente en las zonas urbanas por el crecimiento acelerado de la poblaci\u00f3n, el incremento del parque automotor y el desarrollo industrial, entre otros. Por ello, es fundamental incorporar pol\u00edticas y acciones que ayuden a gestionar y controlar la calidad del aire. Como parte de estas acciones, cada segundo viernes de&hellip; <a href=\"https:\/\/www.ambienteyenergia.gob.ec\/ambiente\/controlar-la-contaminacion-ambiental-contribuye-a-mejorar-la-calidad-de-vida-de-la-poblacion\/\">Read more &rarr;<\/a><\/p>\n","protected":false},"author":13,"featured_media":21907,"comment_status":"open","ping_status":"open","sticky":false,"template":"","format":"standard","meta":{"footnotes":""},"categories":[16,4],"tags":[],"class_list":["post-21906","post","type-post","status-publish","format-standard","has-post-thumbnail","hentry","category-comunicamos","category-noticias","xfolkentry"],"_links":{"self":[{"href":"https:\/\/www.ambienteyenergia.gob.ec\/ambiente\/wp-json\/wp\/v2\/posts\/21906","targetHints":{"allow":["GET"]}}],"collection":[{"href":"https:\/\/www.ambienteyenergia.gob.ec\/ambiente\/wp-json\/wp\/v2\/posts"}],"about":[{"href":"https:\/\/www.ambienteyenergia.gob.ec\/ambiente\/wp-json\/wp\/v2\/types\/post"}],"author":[{"embeddable":true,"href":"https:\/\/www.ambienteyenergia.gob.ec\/ambiente\/wp-json\/wp\/v2\/users\/13"}],"replies":[{"embeddable":true,"href":"https:\/\/www.ambienteyenergia.gob.ec\/ambiente\/wp-json\/wp\/v2\/comments?post=21906"}],"version-history":[{"count":0,"href":"https:\/\/www.ambienteyenergia.gob.ec\/ambiente\/wp-json\/wp\/v2\/posts\/21906\/revisions"}],"wp:featuredmedia":[{"embeddable":true,"href":"https:\/\/www.ambienteyenergia.gob.ec\/ambiente\/wp-json\/wp\/v2\/media\/21907"}],"wp:attachment":[{"href":"https:\/\/www.ambienteyenergia.gob.ec\/ambiente\/wp-json\/wp\/v2\/media?parent=21906"}],"wp:term":[{"taxonomy":"category","embeddable":true,"href":"https:\/\/www.ambienteyenergia.gob.ec\/ambiente\/wp-json\/wp\/v2\/categories?post=21906"},{"taxonomy":"post_tag","embeddable":true,"href":"https:\/\/www.ambienteyenergia.gob.ec\/ambiente\/wp-json\/wp\/v2\/tags?post=21906"}],"curies":[{"name":"wp","href":"https:\/\/api.w.org\/{rel}","templated":true}]}}