{"id":21893,"date":"2014-08-07T16:47:31","date_gmt":"2014-08-07T21:47:31","guid":{"rendered":"http:\/\/www.ambiente.gob.ec\/?p=21893"},"modified":"2014-08-07T17:03:26","modified_gmt":"2014-08-07T22:03:26","slug":"alrededor-de-108-ninos-participaron-del-campamento-vacacional-ambiental","status":"publish","type":"post","link":"https:\/\/www.ambienteyenergia.gob.ec\/ambiente\/alrededor-de-108-ninos-participaron-del-campamento-vacacional-ambiental\/","title":{"rendered":"Alrededor de 79 ni\u00f1os participaron del campamento vacacional ambiental"},"content":{"rendered":"<p style=\"text-align: justify;\">Como parte de una iniciativa nacional que busca crear una cultura ambiental en los m\u00e1s peque\u00f1os, el Ministerio del Ambiente (MAE), a trav\u00e9s del Proyecto de Educaci\u00f3n Ambiental Ciudadana Somos parte de la Soluci\u00f3n particip\u00f3 en\u00a0un campamento vacacional dirigido a ni\u00f1as y ni\u00f1os de 6 a 12 a\u00f1os de edad, organizado por la\u00a0Cooperativa de Ahorro y Cr\u00e9dito \u00abTextil 14 de Marzo\u00bb, en el que se realizaron\u00a0actividades l\u00fadicas para promover\u00a0el cuidado del planeta.<\/p>\n<p style=\"text-align: justify;\">A las jornadas de capacitaci\u00f3n, que se desarrollaron del 5 al 7 de agosto, asistieron alrededor de 79\u00a0ni\u00f1os de los sectores de San Rafael (Valle de los Chillos), Amagua\u00f1a y Guaman\u00ed; quienes aprendieron temas como buenas pr\u00e1cticas ambientales y uso racional de recursos, entre otros.<\/p>\n<p style=\"text-align: justify;\">Estos talleres refuerzan de forma pr\u00e1ctica las actividades realizadas por el componente Red Guardianes del Planeta, que tienen como objetivo contribuir a la valoraci\u00f3n y respeto del ambiente a partir de actividades l\u00fadicas \u2013 pedag\u00f3gicas.<\/p>\n<p style=\"text-align: justify;\">Al finalizar el d\u00eda, los ni\u00f1os realizaron expusieron todas las ideas que ten\u00edan para proteger el ambiente, comprometi\u00e9ndose a replicar el mensaje en sus hogares y escuelas.<\/p>\n<p style=\"text-align: justify;\">El Ministerio del Ambiente ha incorporado estos programas y proyectos de educaci\u00f3n con la intenci\u00f3n de formar una cultura ambiental comprometida desde edades tempranas.<\/p>\n","protected":false},"excerpt":{"rendered":"<p class=\"excerpt\">Como parte de una iniciativa nacional que busca crear una cultura ambiental en los m\u00e1s peque\u00f1os, el Ministerio del Ambiente (MAE), a trav\u00e9s del Proyecto de Educaci\u00f3n Ambiental Ciudadana Somos parte de la Soluci\u00f3n particip\u00f3 en\u00a0un campamento vacacional dirigido a ni\u00f1as y ni\u00f1os de 6 a 12 a\u00f1os de edad, organizado por la\u00a0Cooperativa de Ahorro y Cr\u00e9dito \u00abTextil 14 de&hellip; <a href=\"https:\/\/www.ambienteyenergia.gob.ec\/ambiente\/alrededor-de-108-ninos-participaron-del-campamento-vacacional-ambiental\/\">Read more &rarr;<\/a><\/p>\n","protected":false},"author":13,"featured_media":21899,"comment_status":"open","ping_status":"open","sticky":false,"template":"","format":"standard","meta":{"footnotes":""},"categories":[16,4],"tags":[],"class_list":["post-21893","post","type-post","status-publish","format-standard","has-post-thumbnail","hentry","category-comunicamos","category-noticias","xfolkentry"],"_links":{"self":[{"href":"https:\/\/www.ambienteyenergia.gob.ec\/ambiente\/wp-json\/wp\/v2\/posts\/21893","targetHints":{"allow":["GET"]}}],"collection":[{"href":"https:\/\/www.ambienteyenergia.gob.ec\/ambiente\/wp-json\/wp\/v2\/posts"}],"about":[{"href":"https:\/\/www.ambienteyenergia.gob.ec\/ambiente\/wp-json\/wp\/v2\/types\/post"}],"author":[{"embeddable":true,"href":"https:\/\/www.ambienteyenergia.gob.ec\/ambiente\/wp-json\/wp\/v2\/users\/13"}],"replies":[{"embeddable":true,"href":"https:\/\/www.ambienteyenergia.gob.ec\/ambiente\/wp-json\/wp\/v2\/comments?post=21893"}],"version-history":[{"count":0,"href":"https:\/\/www.ambienteyenergia.gob.ec\/ambiente\/wp-json\/wp\/v2\/posts\/21893\/revisions"}],"wp:featuredmedia":[{"embeddable":true,"href":"https:\/\/www.ambienteyenergia.gob.ec\/ambiente\/wp-json\/wp\/v2\/media\/21899"}],"wp:attachment":[{"href":"https:\/\/www.ambienteyenergia.gob.ec\/ambiente\/wp-json\/wp\/v2\/media?parent=21893"}],"wp:term":[{"taxonomy":"category","embeddable":true,"href":"https:\/\/www.ambienteyenergia.gob.ec\/ambiente\/wp-json\/wp\/v2\/categories?post=21893"},{"taxonomy":"post_tag","embeddable":true,"href":"https:\/\/www.ambienteyenergia.gob.ec\/ambiente\/wp-json\/wp\/v2\/tags?post=21893"}],"curies":[{"name":"wp","href":"https:\/\/api.w.org\/{rel}","templated":true}]}}