{"id":21888,"date":"2014-08-07T12:12:13","date_gmt":"2014-08-07T17:12:13","guid":{"rendered":"http:\/\/www.ambiente.gob.ec\/?p=21888"},"modified":"2014-08-07T13:40:19","modified_gmt":"2014-08-07T18:40:19","slug":"gracias-al-apoyo-de-la-ciudadania-dos-especies-de-vida-silvestre-fueron-rescatados-en-chimborazo","status":"publish","type":"post","link":"https:\/\/www.ambienteyenergia.gob.ec\/ambiente\/gracias-al-apoyo-de-la-ciudadania-dos-especies-de-vida-silvestre-fueron-rescatados-en-chimborazo\/","title":{"rendered":"Gracias al apoyo de la ciudadan\u00eda, dos especies de vida silvestre fueron rescatados en Chimborazo"},"content":{"rendered":"<p style=\"text-align: justify;\">El Ministerio del Ambiente (MAE) y la Unidad de Protecci\u00f3n del Medio Ambiente (UPMA) de la Polic\u00eda Nacional, rescataron una lora amazona alinaranja (<em>Amazona amazonica<\/em>) y un b\u00faho (<em>Athene cunicularia<\/em>) en la provincia de Chimborazo.<\/p>\n<p style=\"text-align: justify;\">A las oficinas de la Direcci\u00f3n Provincial del Ambiente de Chimborazo acudieron dos ciudadanos con la finalidad de entregar de forma voluntaria una lora amazona alinaranja. El esp\u00e9cimen fue trasladado al Zool\u00f3gico Bioparque Yanacocha, localizado en la ciudad del Puyo, donde ser\u00e1 evaluado para determinar si es posible o no reinsertarlo en su habitad natural.<\/p>\n<p style=\"text-align: justify;\">Por otra parte moradores del barrio residencial \u201cLos \u00c1lamos\u201d de la ciudad de Riobamba reportaron la presencia de un b\u00faho juvenil con dificultades para volar, por lo que t\u00e9cnicos de esta Cartera de Estado se movilizaron al lugar para verificar la condici\u00f3n del ejemplar. El ave, luego de un an\u00e1lisis veterinario, fue liberado en la zona de influencia del Parque Nacional Sangay.<\/p>\n<p style=\"text-align: justify;\">Los espec\u00edmenes fueron rescatados gracias a la cooperaci\u00f3n de la ciudadan\u00eda en respuesta positiva a las charlas de concienciaci\u00f3n y operativos de control de vida silvestre realizados por el MAE en la provincia de Chimborazo.<\/p>\n<p style=\"text-align: justify;\">En otro operativo, MAE y la UPMA decomisaron elementos constitutivos de vida silvestre, entre ellos, una iguana (<em>Iguana iguana)<\/em> y boa constrictora (<em>Boa constrictor),<\/em> que estaban siendo comercializadas en un mercado de la ciudad de Riobamba.<\/p>\n<p style=\"text-align: justify;\">El MAE, por su parte, continuar\u00e1 realizando campa\u00f1as de concientizaci\u00f3n en la provincia de Chimborazo para explicar el riesgo y la responsabilidad que implica tener espec\u00edmenes silvestres como mascotas. De la misma forma, se hace un llamado a la ciudadan\u00eda para que entreguen de forma voluntaria o denuncien llamando al 1800 Ambiente (2624368) la compra, venta o tenencia de vida silvestre en la provincia.<\/p>\n","protected":false},"excerpt":{"rendered":"<p class=\"excerpt\">El Ministerio del Ambiente (MAE) y la Unidad de Protecci\u00f3n del Medio Ambiente (UPMA) de la Polic\u00eda Nacional, rescataron una lora amazona alinaranja (Amazona amazonica) y un b\u00faho (Athene cunicularia) en la provincia de Chimborazo. A las oficinas de la Direcci\u00f3n Provincial del Ambiente de Chimborazo acudieron dos ciudadanos con la finalidad de entregar de forma voluntaria una lora amazona&hellip; <a href=\"https:\/\/www.ambienteyenergia.gob.ec\/ambiente\/gracias-al-apoyo-de-la-ciudadania-dos-especies-de-vida-silvestre-fueron-rescatados-en-chimborazo\/\">Read more &rarr;<\/a><\/p>\n","protected":false},"author":13,"featured_media":21889,"comment_status":"open","ping_status":"open","sticky":false,"template":"","format":"standard","meta":{"footnotes":""},"categories":[16,4],"tags":[],"class_list":["post-21888","post","type-post","status-publish","format-standard","has-post-thumbnail","hentry","category-comunicamos","category-noticias","xfolkentry"],"_links":{"self":[{"href":"https:\/\/www.ambienteyenergia.gob.ec\/ambiente\/wp-json\/wp\/v2\/posts\/21888","targetHints":{"allow":["GET"]}}],"collection":[{"href":"https:\/\/www.ambienteyenergia.gob.ec\/ambiente\/wp-json\/wp\/v2\/posts"}],"about":[{"href":"https:\/\/www.ambienteyenergia.gob.ec\/ambiente\/wp-json\/wp\/v2\/types\/post"}],"author":[{"embeddable":true,"href":"https:\/\/www.ambienteyenergia.gob.ec\/ambiente\/wp-json\/wp\/v2\/users\/13"}],"replies":[{"embeddable":true,"href":"https:\/\/www.ambienteyenergia.gob.ec\/ambiente\/wp-json\/wp\/v2\/comments?post=21888"}],"version-history":[{"count":0,"href":"https:\/\/www.ambienteyenergia.gob.ec\/ambiente\/wp-json\/wp\/v2\/posts\/21888\/revisions"}],"wp:featuredmedia":[{"embeddable":true,"href":"https:\/\/www.ambienteyenergia.gob.ec\/ambiente\/wp-json\/wp\/v2\/media\/21889"}],"wp:attachment":[{"href":"https:\/\/www.ambienteyenergia.gob.ec\/ambiente\/wp-json\/wp\/v2\/media?parent=21888"}],"wp:term":[{"taxonomy":"category","embeddable":true,"href":"https:\/\/www.ambienteyenergia.gob.ec\/ambiente\/wp-json\/wp\/v2\/categories?post=21888"},{"taxonomy":"post_tag","embeddable":true,"href":"https:\/\/www.ambienteyenergia.gob.ec\/ambiente\/wp-json\/wp\/v2\/tags?post=21888"}],"curies":[{"name":"wp","href":"https:\/\/api.w.org\/{rel}","templated":true}]}}