{"id":21885,"date":"2014-08-07T10:11:56","date_gmt":"2014-08-07T15:11:56","guid":{"rendered":"http:\/\/www.ambiente.gob.ec\/?p=21885"},"modified":"2014-08-07T10:11:56","modified_gmt":"2014-08-07T15:11:56","slug":"mae-y-coe-evaluan-danos-provocados-por-incendio-en-laguna-de-mojanda","status":"publish","type":"post","link":"https:\/\/www.ambienteyenergia.gob.ec\/ambiente\/mae-y-coe-evaluan-danos-provocados-por-incendio-en-laguna-de-mojanda\/","title":{"rendered":"MAE y COE eval\u00faan da\u00f1os provocados por incendio en Laguna de Mojanda"},"content":{"rendered":"<p style=\"text-align: justify;\">El Ministerio de Ambiente de Ecuador y el Comit\u00e9 de Operaciones de Emergencia (COE), tras el incendio que suscit\u00f3 desde el pasado s\u00e1bado en el sector de la laguna de Mojanda, que afect\u00f3 a los cantones: Otavalo en Imbabura; Pedro Moncayo y Distrito Metropolitano de Quito en Pichincha, ha emitido el informe oficial sobre el \u00e1rea afectada.<\/p>\n<p style=\"text-align: justify;\">Una vez sofocado en su totalidad el incendio, con ayuda de 300 personas de varias instituciones como la Polic\u00eda Nacional, Cuerpo de Bomberos, FF.AA. y MAE, el COE y conjunto con personal de esta Cartera de Estado, procedieron a realizar el levantamiento de informaci\u00f3n para determinar con exactitud el total del \u00e1rea afectada, as\u00ed como tambi\u00e9n para establecer el balance real de flora y fauna devastada por el incendio.<\/p>\n<p style=\"text-align: justify;\">A nivel de flora se pudo evidenciar que el \u00e1rea afectada en su mayor\u00eda corresponde a pajonal, espec\u00edficamente las especies morti\u00f1o, shanshi, chilca, cerote, sagalitas, laurel, pumamaqui, sigse, mora silvestre, bromelias y romerillo de p\u00e1ramo. Por otro lado, la vida silvestre del lugar, en su gran mayor\u00eda pudo escapar del flagelo, sin embargo se encontraron algunas especies afectadas debido a la destrucci\u00f3n de sus nichos ecol\u00f3gicos como conejos, perdices, curiquingue, zorros, \u00e1guila pechi negra, venados, oso de ante ojos, ranas, varias especies de roedores y reptiles<strong>.<\/strong><\/p>\n<p style=\"text-align: justify;\">\n<p style=\"text-align: justify;\">Seg\u00fan el informe el total del \u00e1rea afectada es de aproximadamente 820,12 hect\u00e1reas (Has), pertenecientes a las provincias de Pichincha e Imbabura, en los cantones Pedro Moncayo, Quito y Otavalo respectivamente. \u201cActualmente, el Ministerio levanta un diagn\u00f3stico para inmediatamente empezar con el proceso de restauraci\u00f3n y recuperaci\u00f3n de la zona a trav\u00e9s de diferentes estrategias, sin contar la regeneraci\u00f3n natural frecuente tras este tipo de eventos\u201d, recalca la Ministra Lorena Tapia.<\/p>\n<p style=\"text-align: justify;\">\n<p style=\"text-align: justify;\">Es por tal motivo que el Ministerio del Ambiente, a trav\u00e9s de su M\u00e1xima Autoridad, Lorena Tapia, hace un llamado a toda la ciudadan\u00eda para trabajar en conjunto para evitar los incendios en esta \u00e9poca del a\u00f1o, para contribuir de esta forma a un Ecuador con cero fuego.<\/p>\n","protected":false},"excerpt":{"rendered":"<p class=\"excerpt\">El Ministerio de Ambiente de Ecuador y el Comit\u00e9 de Operaciones de Emergencia (COE), tras el incendio que suscit\u00f3 desde el pasado s\u00e1bado en el sector de la laguna de Mojanda, que afect\u00f3 a los cantones: Otavalo en Imbabura; Pedro Moncayo y Distrito Metropolitano de Quito en Pichincha, ha emitido el informe oficial sobre el \u00e1rea afectada. Una vez sofocado&hellip; <a href=\"https:\/\/www.ambienteyenergia.gob.ec\/ambiente\/mae-y-coe-evaluan-danos-provocados-por-incendio-en-laguna-de-mojanda\/\">Read more &rarr;<\/a><\/p>\n","protected":false},"author":13,"featured_media":21886,"comment_status":"open","ping_status":"open","sticky":false,"template":"","format":"standard","meta":{"footnotes":""},"categories":[16,4],"tags":[],"class_list":["post-21885","post","type-post","status-publish","format-standard","has-post-thumbnail","hentry","category-comunicamos","category-noticias","xfolkentry"],"_links":{"self":[{"href":"https:\/\/www.ambienteyenergia.gob.ec\/ambiente\/wp-json\/wp\/v2\/posts\/21885","targetHints":{"allow":["GET"]}}],"collection":[{"href":"https:\/\/www.ambienteyenergia.gob.ec\/ambiente\/wp-json\/wp\/v2\/posts"}],"about":[{"href":"https:\/\/www.ambienteyenergia.gob.ec\/ambiente\/wp-json\/wp\/v2\/types\/post"}],"author":[{"embeddable":true,"href":"https:\/\/www.ambienteyenergia.gob.ec\/ambiente\/wp-json\/wp\/v2\/users\/13"}],"replies":[{"embeddable":true,"href":"https:\/\/www.ambienteyenergia.gob.ec\/ambiente\/wp-json\/wp\/v2\/comments?post=21885"}],"version-history":[{"count":0,"href":"https:\/\/www.ambienteyenergia.gob.ec\/ambiente\/wp-json\/wp\/v2\/posts\/21885\/revisions"}],"wp:featuredmedia":[{"embeddable":true,"href":"https:\/\/www.ambienteyenergia.gob.ec\/ambiente\/wp-json\/wp\/v2\/media\/21886"}],"wp:attachment":[{"href":"https:\/\/www.ambienteyenergia.gob.ec\/ambiente\/wp-json\/wp\/v2\/media?parent=21885"}],"wp:term":[{"taxonomy":"category","embeddable":true,"href":"https:\/\/www.ambienteyenergia.gob.ec\/ambiente\/wp-json\/wp\/v2\/categories?post=21885"},{"taxonomy":"post_tag","embeddable":true,"href":"https:\/\/www.ambienteyenergia.gob.ec\/ambiente\/wp-json\/wp\/v2\/tags?post=21885"}],"curies":[{"name":"wp","href":"https:\/\/api.w.org\/{rel}","templated":true}]}}