{"id":21882,"date":"2014-08-07T09:32:15","date_gmt":"2014-08-07T14:32:15","guid":{"rendered":"http:\/\/www.ambiente.gob.ec\/?p=21882"},"modified":"2014-08-07T09:32:15","modified_gmt":"2014-08-07T14:32:15","slug":"disposicion-final-de-ballena-varada-en-playas","status":"publish","type":"post","link":"https:\/\/www.ambienteyenergia.gob.ec\/ambiente\/disposicion-final-de-ballena-varada-en-playas\/","title":{"rendered":"Disposici\u00f3n final de ballena varada en playas"},"content":{"rendered":"<p style=\"text-align: justify;\">Personal del \u00c1rea Nacional de Recreaci\u00f3n Playas de Villamil y del Refugio de Vida Silvestre Manglares El Morro del Ministerio del Ambiente, efectuaron hoy, la disposici\u00f3n final de una ballena que se var\u00f3 en el kil\u00f3metro 5,5 v\u00eda a Data en el sector Las Valentinas, provincia de Guayas.<\/p>\n<p style=\"text-align: justify;\">Esta labor se logr\u00f3 gracias a la colaboraci\u00f3n de la Prefectura del Guayas y la empresa privada, los que facilitaron la maquinaria y la cal para el traslado del cet\u00e1ceo a terreno firme, cerca de la playa.<\/p>\n<p style=\"text-align: justify;\">\n<p style=\"text-align: justify;\">Mar\u00eda Fernanda Cort\u00e9s, responsable del Refugio de Vida Silvestre Manglares El Morro, mencion\u00f3 que la especie es un macho juvenil de aproximadamente nueve metros, que no presentaba huellas o marcas visibles de golpes o enredos con mallas de pesca.<\/p>\n<p style=\"text-align: justify;\">\n<p style=\"text-align: justify;\">Antes, durante y en la disposici\u00f3n final se utiliz\u00f3 gran cantidad de cal para reducir los hedores que emana la ballena por presentar un alto grado de descomposici\u00f3n.<\/p>\n<p style=\"text-align: justify;\">\n<p style=\"text-align: justify;\">\n","protected":false},"excerpt":{"rendered":"<p class=\"excerpt\">Personal del \u00c1rea Nacional de Recreaci\u00f3n Playas de Villamil y del Refugio de Vida Silvestre Manglares El Morro del Ministerio del Ambiente, efectuaron hoy, la disposici\u00f3n final de una ballena que se var\u00f3 en el kil\u00f3metro 5,5 v\u00eda a Data en el sector Las Valentinas, provincia de Guayas. Esta labor se logr\u00f3 gracias a la colaboraci\u00f3n de la Prefectura del&hellip; <a href=\"https:\/\/www.ambienteyenergia.gob.ec\/ambiente\/disposicion-final-de-ballena-varada-en-playas\/\">Read more &rarr;<\/a><\/p>\n","protected":false},"author":13,"featured_media":21883,"comment_status":"open","ping_status":"open","sticky":false,"template":"","format":"standard","meta":{"footnotes":""},"categories":[16,4],"tags":[],"class_list":["post-21882","post","type-post","status-publish","format-standard","has-post-thumbnail","hentry","category-comunicamos","category-noticias","xfolkentry"],"_links":{"self":[{"href":"https:\/\/www.ambienteyenergia.gob.ec\/ambiente\/wp-json\/wp\/v2\/posts\/21882","targetHints":{"allow":["GET"]}}],"collection":[{"href":"https:\/\/www.ambienteyenergia.gob.ec\/ambiente\/wp-json\/wp\/v2\/posts"}],"about":[{"href":"https:\/\/www.ambienteyenergia.gob.ec\/ambiente\/wp-json\/wp\/v2\/types\/post"}],"author":[{"embeddable":true,"href":"https:\/\/www.ambienteyenergia.gob.ec\/ambiente\/wp-json\/wp\/v2\/users\/13"}],"replies":[{"embeddable":true,"href":"https:\/\/www.ambienteyenergia.gob.ec\/ambiente\/wp-json\/wp\/v2\/comments?post=21882"}],"version-history":[{"count":0,"href":"https:\/\/www.ambienteyenergia.gob.ec\/ambiente\/wp-json\/wp\/v2\/posts\/21882\/revisions"}],"wp:featuredmedia":[{"embeddable":true,"href":"https:\/\/www.ambienteyenergia.gob.ec\/ambiente\/wp-json\/wp\/v2\/media\/21883"}],"wp:attachment":[{"href":"https:\/\/www.ambienteyenergia.gob.ec\/ambiente\/wp-json\/wp\/v2\/media?parent=21882"}],"wp:term":[{"taxonomy":"category","embeddable":true,"href":"https:\/\/www.ambienteyenergia.gob.ec\/ambiente\/wp-json\/wp\/v2\/categories?post=21882"},{"taxonomy":"post_tag","embeddable":true,"href":"https:\/\/www.ambienteyenergia.gob.ec\/ambiente\/wp-json\/wp\/v2\/tags?post=21882"}],"curies":[{"name":"wp","href":"https:\/\/api.w.org\/{rel}","templated":true}]}}