{"id":21879,"date":"2014-08-06T17:09:39","date_gmt":"2014-08-06T22:09:39","guid":{"rendered":"http:\/\/www.ambiente.gob.ec\/?p=21879"},"modified":"2014-08-06T17:09:39","modified_gmt":"2014-08-06T22:09:39","slug":"mae-promovio-la-conservacion-ambiental-en-la-casa-abierta-realizada-en-nobon","status":"publish","type":"post","link":"https:\/\/www.ambienteyenergia.gob.ec\/ambiente\/mae-promovio-la-conservacion-ambiental-en-la-casa-abierta-realizada-en-nobon\/","title":{"rendered":"MAE promovi\u00f3 la conservaci\u00f3n ambiental en la casa abierta realizada en Nob\u00f3n"},"content":{"rendered":"<p style=\"text-align: justify;\">El Ministerio del Ambiente (MAE), a trav\u00e9s de la Direcci\u00f3n Provincial de Azuay,\u00a0particip\u00f3 en la casa abierta que se realiz\u00f3 en el cant\u00f3n Nab\u00f3n, con el objetivo de concienciar a la ciudadan\u00eda sobre la importancia de proteger el ambiente.<\/p>\n<p style=\"text-align: justify;\">\nEl evento dirigido a la comunidad cont\u00f3 con la presencia de estudiantes de diferentes instituciones educativas de la provincia y autoridades locales.<\/p>\n<p style=\"text-align: justify;\">\nEn su stand, el MAE expuso distintos temas entre ellos la protecci\u00f3n del patrimonio natural, rescate de vida silvestre, decomisos, importancia de los humedales como ecosistemas, infracciones forestales y requerimientos necesarios para la regularizaci\u00f3n ambiental (fichas ambientales).<\/p>\n<p style=\"text-align: justify;\">\nAsimismo, durante la jornada de educaci\u00f3n, t\u00e9cnicos de la Direcci\u00f3n Provincial del Ambiente de Azuay\u00a0 ilustraron de forma did\u00e1ctica a los visitantes; quienes se comprometieron con el cuidado ambiental.<\/p>\n<p style=\"text-align: justify;\">\nLos resultados alcanzados fueron positivos, pues se logr\u00f3 sensibilizar a un gran n\u00famero de participantes. El MAE continuar\u00e1 con este tipo de iniciativas que buscan promover la conservaci\u00f3n del ambiente.<\/p>\n","protected":false},"excerpt":{"rendered":"<p class=\"excerpt\">El Ministerio del Ambiente (MAE), a trav\u00e9s de la Direcci\u00f3n Provincial de Azuay,\u00a0particip\u00f3 en la casa abierta que se realiz\u00f3 en el cant\u00f3n Nab\u00f3n, con el objetivo de concienciar a la ciudadan\u00eda sobre la importancia de proteger el ambiente. El evento dirigido a la comunidad cont\u00f3 con la presencia de estudiantes de diferentes instituciones educativas de la provincia y autoridades&hellip; <a href=\"https:\/\/www.ambienteyenergia.gob.ec\/ambiente\/mae-promovio-la-conservacion-ambiental-en-la-casa-abierta-realizada-en-nobon\/\">Read more &rarr;<\/a><\/p>\n","protected":false},"author":13,"featured_media":21880,"comment_status":"open","ping_status":"open","sticky":false,"template":"","format":"standard","meta":{"footnotes":""},"categories":[16,4],"tags":[],"class_list":["post-21879","post","type-post","status-publish","format-standard","has-post-thumbnail","hentry","category-comunicamos","category-noticias","xfolkentry"],"_links":{"self":[{"href":"https:\/\/www.ambienteyenergia.gob.ec\/ambiente\/wp-json\/wp\/v2\/posts\/21879","targetHints":{"allow":["GET"]}}],"collection":[{"href":"https:\/\/www.ambienteyenergia.gob.ec\/ambiente\/wp-json\/wp\/v2\/posts"}],"about":[{"href":"https:\/\/www.ambienteyenergia.gob.ec\/ambiente\/wp-json\/wp\/v2\/types\/post"}],"author":[{"embeddable":true,"href":"https:\/\/www.ambienteyenergia.gob.ec\/ambiente\/wp-json\/wp\/v2\/users\/13"}],"replies":[{"embeddable":true,"href":"https:\/\/www.ambienteyenergia.gob.ec\/ambiente\/wp-json\/wp\/v2\/comments?post=21879"}],"version-history":[{"count":0,"href":"https:\/\/www.ambienteyenergia.gob.ec\/ambiente\/wp-json\/wp\/v2\/posts\/21879\/revisions"}],"wp:featuredmedia":[{"embeddable":true,"href":"https:\/\/www.ambienteyenergia.gob.ec\/ambiente\/wp-json\/wp\/v2\/media\/21880"}],"wp:attachment":[{"href":"https:\/\/www.ambienteyenergia.gob.ec\/ambiente\/wp-json\/wp\/v2\/media?parent=21879"}],"wp:term":[{"taxonomy":"category","embeddable":true,"href":"https:\/\/www.ambienteyenergia.gob.ec\/ambiente\/wp-json\/wp\/v2\/categories?post=21879"},{"taxonomy":"post_tag","embeddable":true,"href":"https:\/\/www.ambienteyenergia.gob.ec\/ambiente\/wp-json\/wp\/v2\/tags?post=21879"}],"curies":[{"name":"wp","href":"https:\/\/api.w.org\/{rel}","templated":true}]}}