{"id":21875,"date":"2014-08-06T16:51:14","date_gmt":"2014-08-06T21:51:14","guid":{"rendered":"http:\/\/www.ambiente.gob.ec\/?p=21875"},"modified":"2014-08-06T16:51:14","modified_gmt":"2014-08-06T21:51:14","slug":"mae-rescata-dos-loras-reales-en-sigchos","status":"publish","type":"post","link":"https:\/\/www.ambienteyenergia.gob.ec\/ambiente\/mae-rescata-dos-loras-reales-en-sigchos\/","title":{"rendered":"MAE rescata dos loras reales en Sigchos"},"content":{"rendered":"<p style=\"text-align: justify;\">El Ministerio del Ambiente de Ecuador (MAE) en coordinaci\u00f3n con la Direcci\u00f3n Provincial del Ambiente de Cotopaxi, realiz\u00f3 el rescate de una lora real (Amazona farinosa) y una lora amazona frentirroja (Amazona autumnalis), las mismas que fueron entregadas voluntariamente en la Oficina Informativa de Sigchos.<\/p>\n<p style=\"text-align: justify;\">\nLa lora real es famosa en el mundo, por ser muy habladora, esta especie es capaz de imitar una gran diversidad de sonidos y pueden repetir palabras e incluso frases, son sociables, forman grandes bandadas y anidan en agujeros de los \u00e1rboles, pero algunas veces utilizan termiteros, grietas en la roca. Su h\u00e1bitat natural en la que se les puede encontrar es en pisos tropicales y zonas templadas, como selvas h\u00famedas, llanos sabanas, algunas zonas \u00e1ridas y semides\u00e9rticas.<\/p>\n<p style=\"text-align: justify;\">\nPor otro lado la lora amazona frentirroja (Amazona autumnalis), habita en bosques h\u00famedos tropicales de la costa, usa la parte alta del bosque y los bordes h\u00famedos y de manglar; generalmente bajo los 700 metros sobre el nivel del mar, temporalmente llega hasta los 1300 metros de altura. Se la observa normalmente en parejas o peque\u00f1os grupos cuando vuelan hacia sus sitios de descanso temprano. Durante el d\u00eda permanecen ocultas en \u00e1rboles grandes, pero en la noche se posan en zonas abiertas, generalmente sobre ramas muertas. Rara vez revelan su presencia al dejar caer desperdicios y pedazos de fruta mientras come.<\/p>\n<p style=\"text-align: justify;\">\nEstos espec\u00edmenes de vida silvestre, fueron trasladados al Eco Zool\u00f3gico San Mart\u00edn, ubicado en la ciudad de Ba\u00f1os, con el objetivo de ser revisados por personal especializado en vida silvestre y as\u00ed determinar su estado de salud, para posteriormente se reintroducidos en su h\u00e1bitat natural.<\/p>\n<p style=\"text-align: justify;\">\nEl MAE hace un llamado a toda la ciudadania para proteger y cuidar nuestro patrimonio natural, para conservar nuestro Ecuador verde.<\/p>\n","protected":false},"excerpt":{"rendered":"<p class=\"excerpt\">El Ministerio del Ambiente de Ecuador (MAE) en coordinaci\u00f3n con la Direcci\u00f3n Provincial del Ambiente de Cotopaxi, realiz\u00f3 el rescate de una lora real (Amazona farinosa) y una lora amazona frentirroja (Amazona autumnalis), las mismas que fueron entregadas voluntariamente en la Oficina Informativa de Sigchos. La lora real es famosa en el mundo, por ser muy habladora, esta especie es&hellip; <a href=\"https:\/\/www.ambienteyenergia.gob.ec\/ambiente\/mae-rescata-dos-loras-reales-en-sigchos\/\">Read more &rarr;<\/a><\/p>\n","protected":false},"author":13,"featured_media":21876,"comment_status":"open","ping_status":"open","sticky":false,"template":"","format":"standard","meta":{"footnotes":""},"categories":[16,4],"tags":[],"class_list":["post-21875","post","type-post","status-publish","format-standard","has-post-thumbnail","hentry","category-comunicamos","category-noticias","xfolkentry"],"_links":{"self":[{"href":"https:\/\/www.ambienteyenergia.gob.ec\/ambiente\/wp-json\/wp\/v2\/posts\/21875","targetHints":{"allow":["GET"]}}],"collection":[{"href":"https:\/\/www.ambienteyenergia.gob.ec\/ambiente\/wp-json\/wp\/v2\/posts"}],"about":[{"href":"https:\/\/www.ambienteyenergia.gob.ec\/ambiente\/wp-json\/wp\/v2\/types\/post"}],"author":[{"embeddable":true,"href":"https:\/\/www.ambienteyenergia.gob.ec\/ambiente\/wp-json\/wp\/v2\/users\/13"}],"replies":[{"embeddable":true,"href":"https:\/\/www.ambienteyenergia.gob.ec\/ambiente\/wp-json\/wp\/v2\/comments?post=21875"}],"version-history":[{"count":0,"href":"https:\/\/www.ambienteyenergia.gob.ec\/ambiente\/wp-json\/wp\/v2\/posts\/21875\/revisions"}],"wp:featuredmedia":[{"embeddable":true,"href":"https:\/\/www.ambienteyenergia.gob.ec\/ambiente\/wp-json\/wp\/v2\/media\/21876"}],"wp:attachment":[{"href":"https:\/\/www.ambienteyenergia.gob.ec\/ambiente\/wp-json\/wp\/v2\/media?parent=21875"}],"wp:term":[{"taxonomy":"category","embeddable":true,"href":"https:\/\/www.ambienteyenergia.gob.ec\/ambiente\/wp-json\/wp\/v2\/categories?post=21875"},{"taxonomy":"post_tag","embeddable":true,"href":"https:\/\/www.ambienteyenergia.gob.ec\/ambiente\/wp-json\/wp\/v2\/tags?post=21875"}],"curies":[{"name":"wp","href":"https:\/\/api.w.org\/{rel}","templated":true}]}}