{"id":21860,"date":"2014-08-06T08:18:34","date_gmt":"2014-08-06T13:18:34","guid":{"rendered":"http:\/\/www.ambiente.gob.ec\/?p=21860"},"modified":"2014-08-06T08:18:34","modified_gmt":"2014-08-06T13:18:34","slug":"incendio-en-mojanda-es-sofocado-gracias-a-trabajo-interinstitucional","status":"publish","type":"post","link":"https:\/\/www.ambienteyenergia.gob.ec\/ambiente\/incendio-en-mojanda-es-sofocado-gracias-a-trabajo-interinstitucional\/","title":{"rendered":"Incendio en Mojanda es sofocado gracias a trabajo interinstitucional"},"content":{"rendered":"<p style=\"text-align: justify;\">Ayer, tras un trabajo conjunto entre el Ministerio del Ambiente del Ecuador, Cuerpo de Bomberos, Polic\u00eda Nacional, GADs involucrados (Pedro Moncayo, Municipio de Quito y Otavalo), Fuerzas Armadas, y Secretar\u00eda de Gesti\u00f3n de Riesgos, se logr\u00f3 sofocar el fuego que afect\u00f3 la vegetaci\u00f3n en los alrededores de las lagunas de Mojanda, afectando a tres cantones: Otavalo en Imbabura; Pedro Moncayo y Distrito Metropolitano de Quito en Pichincha. El incendio forestal se inici\u00f3 el pasado <span id=\"OBJ_PREFIX_DWT69_com_zimbra_date\" class=\"Object\">s\u00e1<\/span>bado 2 de agosto a las 19:00. A\u00fan se desconocen con certeza las causas del flagelo pero se presume que fue provocado. Sin embargo, a\u00fan se realizan investigaciones al respecto.<\/p>\n<p>Pese a que el flagelo fue controlado en su totalidad, a\u00fan se realizan trabajos en el \u00e1rea para obtener con exactitud los datos del \u00e1rea afectada, as\u00ed como el estado de la flora y fauna. Hoy est\u00e1 est\u00e1 previsto realizar otra inspecci\u00f3n \u00a0para verificar que el fuego est\u00e9 totalmente extinguido a trav\u00e9s de un sobrevuelo. \u201cEl incendio fue extinguido gracias a la pertinaz lluvia de la zona, pero es importante felicitar la oportuna acci\u00f3n de diferentes instituciones que ayudaron a controlar este flagelo\u201d, asegur\u00f3 Lorena Tapia, Ministra del Ambiente del Ecuador.<\/p>\n<p style=\"text-align: justify;\">Desde el <span id=\"OBJ_PREFIX_DWT70_com_zimbra_date\" class=\"Object\">s\u00e1<\/span>bado alrededor de 290 personas trabajaron para apagar el fuego que consumi\u00f3 importantes extensiones de p\u00e1ramo. Dada la topograf\u00eda irregular del terreno, y debido al \u00a0verano, y los fuertes vientos fue complejo trabajar en la extinci\u00f3n del fuego hasta altas horas de la noche, por lo cual las acciones del <span id=\"OBJ_PREFIX_DWT71_com_zimbra_date\" class=\"Object\"><span id=\"OBJ_PREFIX_DWT75_com_zimbra_date\" class=\"Object\">domingo<\/span><\/span>, <span id=\"OBJ_PREFIX_DWT72_com_zimbra_date\" class=\"Object\"><span id=\"OBJ_PREFIX_DWT76_com_zimbra_date\" class=\"Object\">lunes<\/span><\/span> y <span id=\"OBJ_PREFIX_DWT73_com_zimbra_date\" class=\"Object\"><span id=\"OBJ_PREFIX_DWT77_com_zimbra_date\" class=\"Object\">martes<\/span><\/span> se iniciaron muy temprano en la <span id=\"OBJ_PREFIX_DWT74_com_zimbra_date\" class=\"Object\"><span id=\"OBJ_PREFIX_DWT78_com_zimbra_date\" class=\"Object\">ma<\/span><\/span>\u00f1ana (05:00), as\u00ed tambi\u00e9n se garantiz\u00f3 la integridad del personal que apoyaron para el control del incendio. Al momento, como Ministerio del Ambiente se realiza una valoraci\u00f3n para emitir un comunicado respecto a la superficie total afectada, as\u00ed como un informe sobre el estado de la flora y fauna. \u00a0Asimismo, Santiago Tapia, director provincial del Ministerio del Ambiente, recalc\u00f3 que se presentar\u00e1 un plan de restauraci\u00f3n de la zona que ser\u00e1 trabajada en conjunto con los Gobiernos Aut\u00f3nomos descentralizados ya que la protecci\u00f3n del ambiente es compromiso de todos\u201d.<\/p>\n","protected":false},"excerpt":{"rendered":"<p class=\"excerpt\">Ayer, tras un trabajo conjunto entre el Ministerio del Ambiente del Ecuador, Cuerpo de Bomberos, Polic\u00eda Nacional, GADs involucrados (Pedro Moncayo, Municipio de Quito y Otavalo), Fuerzas Armadas, y Secretar\u00eda de Gesti\u00f3n de Riesgos, se logr\u00f3 sofocar el fuego que afect\u00f3 la vegetaci\u00f3n en los alrededores de las lagunas de Mojanda, afectando a tres cantones: Otavalo en Imbabura; Pedro Moncayo&hellip; <a href=\"https:\/\/www.ambienteyenergia.gob.ec\/ambiente\/incendio-en-mojanda-es-sofocado-gracias-a-trabajo-interinstitucional\/\">Read more &rarr;<\/a><\/p>\n","protected":false},"author":13,"featured_media":21861,"comment_status":"open","ping_status":"open","sticky":false,"template":"","format":"standard","meta":{"footnotes":""},"categories":[16,4],"tags":[312,108,53,529],"class_list":["post-21860","post","type-post","status-publish","format-standard","has-post-thumbnail","hentry","category-comunicamos","category-noticias","tag-incendio","tag-lorena-tapia","tag-mae","tag-mojanda","xfolkentry"],"_links":{"self":[{"href":"https:\/\/www.ambienteyenergia.gob.ec\/ambiente\/wp-json\/wp\/v2\/posts\/21860","targetHints":{"allow":["GET"]}}],"collection":[{"href":"https:\/\/www.ambienteyenergia.gob.ec\/ambiente\/wp-json\/wp\/v2\/posts"}],"about":[{"href":"https:\/\/www.ambienteyenergia.gob.ec\/ambiente\/wp-json\/wp\/v2\/types\/post"}],"author":[{"embeddable":true,"href":"https:\/\/www.ambienteyenergia.gob.ec\/ambiente\/wp-json\/wp\/v2\/users\/13"}],"replies":[{"embeddable":true,"href":"https:\/\/www.ambienteyenergia.gob.ec\/ambiente\/wp-json\/wp\/v2\/comments?post=21860"}],"version-history":[{"count":0,"href":"https:\/\/www.ambienteyenergia.gob.ec\/ambiente\/wp-json\/wp\/v2\/posts\/21860\/revisions"}],"wp:featuredmedia":[{"embeddable":true,"href":"https:\/\/www.ambienteyenergia.gob.ec\/ambiente\/wp-json\/wp\/v2\/media\/21861"}],"wp:attachment":[{"href":"https:\/\/www.ambienteyenergia.gob.ec\/ambiente\/wp-json\/wp\/v2\/media?parent=21860"}],"wp:term":[{"taxonomy":"category","embeddable":true,"href":"https:\/\/www.ambienteyenergia.gob.ec\/ambiente\/wp-json\/wp\/v2\/categories?post=21860"},{"taxonomy":"post_tag","embeddable":true,"href":"https:\/\/www.ambienteyenergia.gob.ec\/ambiente\/wp-json\/wp\/v2\/tags?post=21860"}],"curies":[{"name":"wp","href":"https:\/\/api.w.org\/{rel}","templated":true}]}}