{"id":21857,"date":"2014-08-05T15:54:40","date_gmt":"2014-08-05T20:54:40","guid":{"rendered":"http:\/\/www.ambiente.gob.ec\/?p=21857"},"modified":"2014-08-05T15:54:40","modified_gmt":"2014-08-05T20:54:40","slug":"finalizo-primera-fase-de-evaluacion-de-manejo-sostenible-de-la-tierra-y-adaptacion-al-cambio-climatico","status":"publish","type":"post","link":"https:\/\/www.ambienteyenergia.gob.ec\/ambiente\/finalizo-primera-fase-de-evaluacion-de-manejo-sostenible-de-la-tierra-y-adaptacion-al-cambio-climatico\/","title":{"rendered":"Finaliz\u00f3 Primera Fase de evaluaci\u00f3n de manejo sostenible de la tierra y adaptaci\u00f3n al cambio clim\u00e1tico"},"content":{"rendered":"<p style=\"text-align: justify;\">El Ministerio del Ambiente (MAE), a trav\u00e9s de su proyecto \u201cGesti\u00f3n Integrada para la Lucha contra la Desertificaci\u00f3n, Degradaci\u00f3n de la Tierra y Adaptaci\u00f3n al Cambio Clim\u00e1tico\u201d, desarroll\u00f3 el Taller Participativo de Validaci\u00f3n de informaci\u00f3n primaria y secundaria sobre la gesti\u00f3n del combate de la desertificaci\u00f3n, degradaci\u00f3n de la tierra, mitigaci\u00f3n de la sequ\u00eda y adaptaci\u00f3n al cambio clim\u00e1tico.<\/p>\n<p style=\"text-align: justify;\">El objetivo fue presentar la informaci\u00f3n primaria y secundaria levantada durante los talleres participativos y los trabajos de campo desarrollados tanto a nivel central, en la ciudad de Quito, como a nivel territorial, en los cantones Zapotillo, Paltas, Arenillas, Huaquillas, Machala y Jipijapa.<\/p>\n<p style=\"text-align: justify;\">De esta manera, se busca un espacio de discusi\u00f3n, validaci\u00f3n y complementaci\u00f3n de la informaci\u00f3n y datos recolectados, as\u00ed como la generaci\u00f3n de propuestas de acci\u00f3n interinstitucional relacionadas con la lucha contra la Desertificaci\u00f3n, Degradaci\u00f3n de la Tierra y Mitigaci\u00f3n de la Sequ\u00eda (DDTS) y Adaptaci\u00f3n al Cambio Clim\u00e1tico (ACC).<\/p>\n<p style=\"text-align: justify;\">Al finalizar esta serie de talleres se espera contar con los insumos y herramientas de informaci\u00f3n de base, tales como el mapeo de actores, caracterizaci\u00f3n y definici\u00f3n de los procesos de degradaci\u00f3n de la tierra y sequ\u00eda, as\u00ed como potenciales y efectivas medidas de manejo sostenible de la tierra y pr\u00e1cticas de adaptaci\u00f3n al cambio clim\u00e1tico, en las zonas priorizadas.<\/p>\n<p style=\"text-align: justify;\">En el taller tambi\u00e9n participaron autoridades, t\u00e9cnicos y funcionarios de instituciones p\u00fablicas (MICSE, MCPEC, MAGAP, SENAGUA, CONAFIPS, MINTUR, SENESCYT), universidades e institutos de investigaci\u00f3n (INIAP, INAMHI, IEPS, Universidad Central), organizaciones de la sociedad civil (ECOPAR) y agencias de cooperaci\u00f3n (FAO, PMA, IICA), los cuales est\u00e1n, directa o indirectamente involucrados en la gesti\u00f3n de la desertificaci\u00f3n, degradaci\u00f3n de la tierra y sequ\u00eda a nivel nacional.<\/p>\n","protected":false},"excerpt":{"rendered":"<p class=\"excerpt\">El Ministerio del Ambiente (MAE), a trav\u00e9s de su proyecto \u201cGesti\u00f3n Integrada para la Lucha contra la Desertificaci\u00f3n, Degradaci\u00f3n de la Tierra y Adaptaci\u00f3n al Cambio Clim\u00e1tico\u201d, desarroll\u00f3 el Taller Participativo de Validaci\u00f3n de informaci\u00f3n primaria y secundaria sobre la gesti\u00f3n del combate de la desertificaci\u00f3n, degradaci\u00f3n de la tierra, mitigaci\u00f3n de la sequ\u00eda y adaptaci\u00f3n al cambio clim\u00e1tico. El&hellip; <a href=\"https:\/\/www.ambienteyenergia.gob.ec\/ambiente\/finalizo-primera-fase-de-evaluacion-de-manejo-sostenible-de-la-tierra-y-adaptacion-al-cambio-climatico\/\">Read more &rarr;<\/a><\/p>\n","protected":false},"author":13,"featured_media":21858,"comment_status":"open","ping_status":"open","sticky":false,"template":"","format":"standard","meta":{"footnotes":""},"categories":[16,4],"tags":[],"class_list":["post-21857","post","type-post","status-publish","format-standard","has-post-thumbnail","hentry","category-comunicamos","category-noticias","xfolkentry"],"_links":{"self":[{"href":"https:\/\/www.ambienteyenergia.gob.ec\/ambiente\/wp-json\/wp\/v2\/posts\/21857","targetHints":{"allow":["GET"]}}],"collection":[{"href":"https:\/\/www.ambienteyenergia.gob.ec\/ambiente\/wp-json\/wp\/v2\/posts"}],"about":[{"href":"https:\/\/www.ambienteyenergia.gob.ec\/ambiente\/wp-json\/wp\/v2\/types\/post"}],"author":[{"embeddable":true,"href":"https:\/\/www.ambienteyenergia.gob.ec\/ambiente\/wp-json\/wp\/v2\/users\/13"}],"replies":[{"embeddable":true,"href":"https:\/\/www.ambienteyenergia.gob.ec\/ambiente\/wp-json\/wp\/v2\/comments?post=21857"}],"version-history":[{"count":0,"href":"https:\/\/www.ambienteyenergia.gob.ec\/ambiente\/wp-json\/wp\/v2\/posts\/21857\/revisions"}],"wp:featuredmedia":[{"embeddable":true,"href":"https:\/\/www.ambienteyenergia.gob.ec\/ambiente\/wp-json\/wp\/v2\/media\/21858"}],"wp:attachment":[{"href":"https:\/\/www.ambienteyenergia.gob.ec\/ambiente\/wp-json\/wp\/v2\/media?parent=21857"}],"wp:term":[{"taxonomy":"category","embeddable":true,"href":"https:\/\/www.ambienteyenergia.gob.ec\/ambiente\/wp-json\/wp\/v2\/categories?post=21857"},{"taxonomy":"post_tag","embeddable":true,"href":"https:\/\/www.ambienteyenergia.gob.ec\/ambiente\/wp-json\/wp\/v2\/tags?post=21857"}],"curies":[{"name":"wp","href":"https:\/\/api.w.org\/{rel}","templated":true}]}}