{"id":21848,"date":"2014-08-05T08:49:16","date_gmt":"2014-08-05T13:49:16","guid":{"rendered":"http:\/\/www.ambiente.gob.ec\/?p=21848"},"modified":"2014-08-05T12:27:20","modified_gmt":"2014-08-05T17:27:20","slug":"alamor-aporto-a-la-construccion-del-plan-de-reparacion-de-puyango","status":"publish","type":"post","link":"https:\/\/www.ambienteyenergia.gob.ec\/ambiente\/alamor-aporto-a-la-construccion-del-plan-de-reparacion-de-puyango\/","title":{"rendered":"Alamor aport\u00f3 a la construcci\u00f3n del Plan de Reparaci\u00f3n de Puyango"},"content":{"rendered":"<p style=\"text-align: justify;\">En Alamor, cabecera cantonal de Puyango, provincia de Loja, se llev\u00f3 a cabo el Tercer Taller para la Construcci\u00f3n Participativa del Plan de Reparaci\u00f3n Integral de la Cuenca del r\u00edo Puyango, un proyecto desarrollado por la Direcci\u00f3n de Generaci\u00f3n de Indicadores de Respuesta del Programa de Reparaci\u00f3n Ambiental y Social (PRAS) del Ministerio del Ambiente (MAE).<\/p>\n<p style=\"text-align: justify;\">Este a\u00f1o se llevaron a cabo otros dos talleres, relacionados con este proyecto, en la provincia de El Oro. Uno en marzo, en Portovelo, y otro en mayo, en Balsas. Los tres talleres han contado con la participaci\u00f3n de ciudadanos de las localidades estrat\u00e9gicas de la cuenca del r\u00edo Puyango. Sus aportes han sido importantes para\u00a0 elaborar un documento t\u00e9cnico que guiar\u00e1 la implementaci\u00f3n de acciones de reparaci\u00f3n en zonas afectadas por la presencia de pasivos ambientales con la participaci\u00f3n de varias instituciones estatales.<\/p>\n<p style=\"text-align: justify;\">Durante el taller que se realiz\u00f3 30 de julio, en el auditorio de la parroquia eclesi\u00e1stica Alamor, el PRAS dio a conocer a los representantes locales los resultados del diagn\u00f3stico socioambiental de la cuenca del Puyango. Posteriormente, se desarrollaron mesas de trabajo en los que se abordaron temas como la restauraci\u00f3n,\u00a0 problem\u00e1tica socioambiental y\u00a0 garant\u00edas de no repetici\u00f3n. Los participantes aprovecharon esos espacios para proponer acciones correctivas frente a la realidad de su zona.<\/p>\n<p style=\"text-align: justify;\">Al \u00faltimo taller convocado por el PRAS no solo acudieron los representantes de Alamor, sino tambi\u00e9n de otras parroquias como El Limo, Cazaderos, Mangahurco, Ciano, Orianga y Guachanam\u00e1. Las actividades productivas desarrolladas en esas parroquias guardan conexi\u00f3n o dependen en gran medida del estado de la cuenca baja del r\u00edo Puyango.<\/p>\n<p style=\"text-align: justify;\">La principal actividad productiva de los pobladores de esa zona es la agricultura. El agr\u00f3nomo Helider Jumbo, Concejal de Alamor, conoce el impacto ambiental de esta actividad: \u201cuno de los principales problemas es el uso de herbicidas para el cultivo de ma\u00edz a escala industrial. El monocultivo genera este y otros impactos que pueden solucionarse si se trabaja el caf\u00e9 o el camote que, adem\u00e1s de tener un gran potencial econ\u00f3mico, no desgastan el suelo, como lo hace el ma\u00edz\u201d.<\/p>\n<p style=\"text-align: justify;\">Al final de la jornada, los participantes del taller se mostraron optimistas frente a las posibilidades de soluci\u00f3n que se plantearon con la participaci\u00f3n de la comunidad. El presidente de la Junta Parroquial de Guachanam\u00e1, Jos\u00e9 Mora pidi\u00f3 \u201cque se convoque a todos los actores involucrados y se busque soluciones a los problemas de la zona\u201d.<\/p>\n<p style=\"text-align: justify;\">Con el trabajo realizado en Alamor se cierra el ciclo de talleres participativos del proyecto. En diciembre el PRAS presentar\u00e1 el Plan de Reparaci\u00f3n para la Cuenca del Puyango. El documento contemplar\u00e1 estrategias, actividades y acciones concretas que involucren a diversas instituciones estatales\u00a0 y a los actores locales.<\/p>\n<p style=\"text-align: justify;\">Cabe destacar que las localidades invitadas a este taller\u00a0 est\u00e1n ubicadas muy cerca del Per\u00fa. Tomando en cuenta las distancias del recorrido, el PRAS-MAE se asegur\u00f3 de dotar de transporte a los invitados. Fue as\u00ed como se logr\u00f3 una participaci\u00f3n representativa de la comunidad.<\/p>\n","protected":false},"excerpt":{"rendered":"<p class=\"excerpt\">En Alamor, cabecera cantonal de Puyango, provincia de Loja, se llev\u00f3 a cabo el Tercer Taller para la Construcci\u00f3n Participativa del Plan de Reparaci\u00f3n Integral de la Cuenca del r\u00edo Puyango, un proyecto desarrollado por la Direcci\u00f3n de Generaci\u00f3n de Indicadores de Respuesta del Programa de Reparaci\u00f3n Ambiental y Social (PRAS) del Ministerio del Ambiente (MAE). Este a\u00f1o se llevaron&hellip; <a href=\"https:\/\/www.ambienteyenergia.gob.ec\/ambiente\/alamor-aporto-a-la-construccion-del-plan-de-reparacion-de-puyango\/\">Read more &rarr;<\/a><\/p>\n","protected":false},"author":13,"featured_media":21849,"comment_status":"open","ping_status":"open","sticky":false,"template":"","format":"standard","meta":{"footnotes":""},"categories":[16,4],"tags":[],"class_list":["post-21848","post","type-post","status-publish","format-standard","has-post-thumbnail","hentry","category-comunicamos","category-noticias","xfolkentry"],"_links":{"self":[{"href":"https:\/\/www.ambienteyenergia.gob.ec\/ambiente\/wp-json\/wp\/v2\/posts\/21848","targetHints":{"allow":["GET"]}}],"collection":[{"href":"https:\/\/www.ambienteyenergia.gob.ec\/ambiente\/wp-json\/wp\/v2\/posts"}],"about":[{"href":"https:\/\/www.ambienteyenergia.gob.ec\/ambiente\/wp-json\/wp\/v2\/types\/post"}],"author":[{"embeddable":true,"href":"https:\/\/www.ambienteyenergia.gob.ec\/ambiente\/wp-json\/wp\/v2\/users\/13"}],"replies":[{"embeddable":true,"href":"https:\/\/www.ambienteyenergia.gob.ec\/ambiente\/wp-json\/wp\/v2\/comments?post=21848"}],"version-history":[{"count":0,"href":"https:\/\/www.ambienteyenergia.gob.ec\/ambiente\/wp-json\/wp\/v2\/posts\/21848\/revisions"}],"wp:featuredmedia":[{"embeddable":true,"href":"https:\/\/www.ambienteyenergia.gob.ec\/ambiente\/wp-json\/wp\/v2\/media\/21849"}],"wp:attachment":[{"href":"https:\/\/www.ambienteyenergia.gob.ec\/ambiente\/wp-json\/wp\/v2\/media?parent=21848"}],"wp:term":[{"taxonomy":"category","embeddable":true,"href":"https:\/\/www.ambienteyenergia.gob.ec\/ambiente\/wp-json\/wp\/v2\/categories?post=21848"},{"taxonomy":"post_tag","embeddable":true,"href":"https:\/\/www.ambienteyenergia.gob.ec\/ambiente\/wp-json\/wp\/v2\/tags?post=21848"}],"curies":[{"name":"wp","href":"https:\/\/api.w.org\/{rel}","templated":true}]}}