{"id":21844,"date":"2014-08-04T15:39:16","date_gmt":"2014-08-04T20:39:16","guid":{"rendered":"http:\/\/www.ambiente.gob.ec\/?p=21844"},"modified":"2014-08-04T15:39:35","modified_gmt":"2014-08-04T20:39:35","slug":"mae-socializo-la-guia-explicativa-para-la-aplicacion-de-los-lineamientos-generales-a-representantes-de-los-gobiernos-autonomos-descentralizados","status":"publish","type":"post","link":"https:\/\/www.ambienteyenergia.gob.ec\/ambiente\/mae-socializo-la-guia-explicativa-para-la-aplicacion-de-los-lineamientos-generales-a-representantes-de-los-gobiernos-autonomos-descentralizados\/","title":{"rendered":"MAE socializ\u00f3 la Gu\u00eda Explicativa para la aplicaci\u00f3n de los lineamientos generales a representantes de los Gobiernos Aut\u00f3nomos Descentralizados"},"content":{"rendered":"<p style=\"text-align: justify;\">Con el objetivo de fortalecer las capacidades de los Directores y puntos focales de cambio clim\u00e1tico y de desertificaci\u00f3n, funcionarios del proyecto Gesti\u00f3n de la Adaptaci\u00f3n al Cambio Clim\u00e1tico para Disminuir la Vulnerabilidad Social, Econ\u00f3mica y Ambiental (GACC) de la Subsecretar\u00eda de Cambio Clim\u00e1tico del Ministerio del Ambiente, dictaron talleres en las ciudades de Quito y Cuenca.<\/p>\n<p style=\"text-align: justify;\">En los talleres se socializ\u00f3 la Gu\u00eda Explicativa que contiene los Lineamientos Generales para Planes, Programas y Estrategias de Cambio Clim\u00e1tico de Gobiernos Aut\u00f3nomos Descentralizados (GAD) y la inclusi\u00f3n de consideraciones de cambio clim\u00e1tico en el proceso de actualizaci\u00f3n de los Planes de Desarrollo y Ordenamiento Territorial (PDOT) que se encuentran descritos en el Acuerdo Ministerial N\u00b0 137.<\/p>\n<p style=\"text-align: justify;\">Participaron en la capacitaci\u00f3n directores provinciales del Ministerio del Ambiente, puntos focales, Cooperaci\u00f3n T\u00e9cnica Alemana (GIZ, por sus siglas en alem\u00e1n) y funcionarios de la Subsecretar\u00eda de Cambio Clim\u00e1tico.<\/p>\n","protected":false},"excerpt":{"rendered":"<p class=\"excerpt\">Con el objetivo de fortalecer las capacidades de los Directores y puntos focales de cambio clim\u00e1tico y de desertificaci\u00f3n, funcionarios del proyecto Gesti\u00f3n de la Adaptaci\u00f3n al Cambio Clim\u00e1tico para Disminuir la Vulnerabilidad Social, Econ\u00f3mica y Ambiental (GACC) de la Subsecretar\u00eda de Cambio Clim\u00e1tico del Ministerio del Ambiente, dictaron talleres en las ciudades de Quito y Cuenca. En los talleres&hellip; <a href=\"https:\/\/www.ambienteyenergia.gob.ec\/ambiente\/mae-socializo-la-guia-explicativa-para-la-aplicacion-de-los-lineamientos-generales-a-representantes-de-los-gobiernos-autonomos-descentralizados\/\">Read more &rarr;<\/a><\/p>\n","protected":false},"author":13,"featured_media":21845,"comment_status":"open","ping_status":"open","sticky":false,"template":"","format":"standard","meta":{"footnotes":""},"categories":[16,4],"tags":[],"class_list":["post-21844","post","type-post","status-publish","format-standard","has-post-thumbnail","hentry","category-comunicamos","category-noticias","xfolkentry"],"_links":{"self":[{"href":"https:\/\/www.ambienteyenergia.gob.ec\/ambiente\/wp-json\/wp\/v2\/posts\/21844","targetHints":{"allow":["GET"]}}],"collection":[{"href":"https:\/\/www.ambienteyenergia.gob.ec\/ambiente\/wp-json\/wp\/v2\/posts"}],"about":[{"href":"https:\/\/www.ambienteyenergia.gob.ec\/ambiente\/wp-json\/wp\/v2\/types\/post"}],"author":[{"embeddable":true,"href":"https:\/\/www.ambienteyenergia.gob.ec\/ambiente\/wp-json\/wp\/v2\/users\/13"}],"replies":[{"embeddable":true,"href":"https:\/\/www.ambienteyenergia.gob.ec\/ambiente\/wp-json\/wp\/v2\/comments?post=21844"}],"version-history":[{"count":0,"href":"https:\/\/www.ambienteyenergia.gob.ec\/ambiente\/wp-json\/wp\/v2\/posts\/21844\/revisions"}],"wp:featuredmedia":[{"embeddable":true,"href":"https:\/\/www.ambienteyenergia.gob.ec\/ambiente\/wp-json\/wp\/v2\/media\/21845"}],"wp:attachment":[{"href":"https:\/\/www.ambienteyenergia.gob.ec\/ambiente\/wp-json\/wp\/v2\/media?parent=21844"}],"wp:term":[{"taxonomy":"category","embeddable":true,"href":"https:\/\/www.ambienteyenergia.gob.ec\/ambiente\/wp-json\/wp\/v2\/categories?post=21844"},{"taxonomy":"post_tag","embeddable":true,"href":"https:\/\/www.ambienteyenergia.gob.ec\/ambiente\/wp-json\/wp\/v2\/tags?post=21844"}],"curies":[{"name":"wp","href":"https:\/\/api.w.org\/{rel}","templated":true}]}}