{"id":21841,"date":"2014-08-04T13:36:02","date_gmt":"2014-08-04T18:36:02","guid":{"rendered":"http:\/\/www.ambiente.gob.ec\/?p=21841"},"modified":"2014-08-04T13:36:02","modified_gmt":"2014-08-04T18:36:02","slug":"ministra-lorena-tapia-cumple-agenda-de-trabajo-en-manabi","status":"publish","type":"post","link":"https:\/\/www.ambienteyenergia.gob.ec\/ambiente\/ministra-lorena-tapia-cumple-agenda-de-trabajo-en-manabi\/","title":{"rendered":"Ministra Lorena Tapia cumple agenda de trabajo en Manab\u00ed"},"content":{"rendered":"<p style=\"color: #000000;\">Hoy, la Ministra del Ambiente, Lorena Tapia, como parte de las actividades que cumple en la provincia de Manab\u00ed, ofreci\u00f3 una rueda de prensa para informar a la ciudadan\u00eda sobre el trabajo ambiental que ejecuta esta Cartera de Estado en territorio. En su intervenci\u00f3n, la Ministra Tapia recalc\u00f3 que Manab\u00ed, en el \u00e1mbito ambiental, representa un reto para el MAE.<\/p>\n<p style=\"color: #000000;\" align=\"justify\">Sobre la contaminaci\u00f3n ambiental del Rio Portoviejo, la Ministra del Ambiente inform\u00f3 que se han mantenido reuniones permanentes con las autoridades provinciales. \u00abM\u00e1s all\u00e1 del mecanismo legal, lo importante es resaltar que no se escatimar\u00e1n esfuerzos frente a situaciones como esta\u00bb, se\u00f1al\u00f3 Tapia. Asimismo, afirm\u00f3 que una de las v\u00edas para resolver este tema podr\u00eda ser la declaratoria de las riberas del r\u00edo como \u00e1rea protegida.<\/p>\n<p style=\"color: #000000;\" align=\"justify\">Durante la visita, la M\u00e1xima Autoridad Ambiental mantuvo reuniones con el sector industrial y pesquero, como es el caso de la C\u00e1mara Ecuatoriana de Industriales y Procesadores Atuneros (CEIPA), con los cuales se resolvieron algunas inquietudes y dudas en el marco de la regulaci\u00f3n ambiental y de la normativa vigente. El objetivo de este encuentro fue generar acuerdos,\u00a0establecer compromisos y fomentar actividades sostenibles desde el punto de vista ambiental, social y econ\u00f3mico. Para ello, tambi\u00e9n visit\u00f3 Puerto At\u00fan junto a representantes de la industria.<\/p>\n<p style=\"color: #000000;\" align=\"justify\">Por la tarde, la Ministra Lorenta Tapia tiene previsto realizar un recorrido por algunas empresas para verificar el cumplimiento de las buenas pr\u00e1cticas ambientales en sus procesos y as\u00ed estrechar el rol del Ministerio del Ambiente como una Autoridad que vela por el cumplimiento de la normativa ambiental en el Ecuador.<\/p>\n<p style=\"color: #000000;\" align=\"justify\">Esta agenda es parte de visitas peri\u00f3dicas que realizar\u00e1 la Ministra Tapia a varias provincias con el fin de fortalecer la gesti\u00f3n del Ministerio en territorio, en temas sensibles como la industria y el sector productivo.<\/p>\n","protected":false},"excerpt":{"rendered":"<p class=\"excerpt\">Hoy, la Ministra del Ambiente, Lorena Tapia, como parte de las actividades que cumple en la provincia de Manab\u00ed, ofreci\u00f3 una rueda de prensa para informar a la ciudadan\u00eda sobre el trabajo ambiental que ejecuta esta Cartera de Estado en territorio. En su intervenci\u00f3n, la Ministra Tapia recalc\u00f3 que Manab\u00ed, en el \u00e1mbito ambiental, representa un reto para el MAE.&hellip; <a href=\"https:\/\/www.ambienteyenergia.gob.ec\/ambiente\/ministra-lorena-tapia-cumple-agenda-de-trabajo-en-manabi\/\">Read more &rarr;<\/a><\/p>\n","protected":false},"author":13,"featured_media":21842,"comment_status":"open","ping_status":"open","sticky":false,"template":"","format":"standard","meta":{"footnotes":""},"categories":[16,4],"tags":[],"class_list":["post-21841","post","type-post","status-publish","format-standard","has-post-thumbnail","hentry","category-comunicamos","category-noticias","xfolkentry"],"_links":{"self":[{"href":"https:\/\/www.ambienteyenergia.gob.ec\/ambiente\/wp-json\/wp\/v2\/posts\/21841","targetHints":{"allow":["GET"]}}],"collection":[{"href":"https:\/\/www.ambienteyenergia.gob.ec\/ambiente\/wp-json\/wp\/v2\/posts"}],"about":[{"href":"https:\/\/www.ambienteyenergia.gob.ec\/ambiente\/wp-json\/wp\/v2\/types\/post"}],"author":[{"embeddable":true,"href":"https:\/\/www.ambienteyenergia.gob.ec\/ambiente\/wp-json\/wp\/v2\/users\/13"}],"replies":[{"embeddable":true,"href":"https:\/\/www.ambienteyenergia.gob.ec\/ambiente\/wp-json\/wp\/v2\/comments?post=21841"}],"version-history":[{"count":0,"href":"https:\/\/www.ambienteyenergia.gob.ec\/ambiente\/wp-json\/wp\/v2\/posts\/21841\/revisions"}],"wp:featuredmedia":[{"embeddable":true,"href":"https:\/\/www.ambienteyenergia.gob.ec\/ambiente\/wp-json\/wp\/v2\/media\/21842"}],"wp:attachment":[{"href":"https:\/\/www.ambienteyenergia.gob.ec\/ambiente\/wp-json\/wp\/v2\/media?parent=21841"}],"wp:term":[{"taxonomy":"category","embeddable":true,"href":"https:\/\/www.ambienteyenergia.gob.ec\/ambiente\/wp-json\/wp\/v2\/categories?post=21841"},{"taxonomy":"post_tag","embeddable":true,"href":"https:\/\/www.ambienteyenergia.gob.ec\/ambiente\/wp-json\/wp\/v2\/tags?post=21841"}],"curies":[{"name":"wp","href":"https:\/\/api.w.org\/{rel}","templated":true}]}}