{"id":21839,"date":"2014-08-04T13:22:47","date_gmt":"2014-08-04T18:22:47","guid":{"rendered":"http:\/\/www.ambiente.gob.ec\/?p=21839"},"modified":"2014-08-04T13:22:47","modified_gmt":"2014-08-04T18:22:47","slug":"incendio-suscitado-en-la-laguna-de-mojanda-es-controlado-en-la-zona-de-imbabura","status":"publish","type":"post","link":"https:\/\/www.ambienteyenergia.gob.ec\/ambiente\/incendio-suscitado-en-la-laguna-de-mojanda-es-controlado-en-la-zona-de-imbabura\/","title":{"rendered":"Incendio suscitado en la Laguna de Mojanda es controlado en la zona de Imbabura"},"content":{"rendered":"<p style=\"color: #000000;\">El Ministerio del Ambiente (MAE), en coordinaci\u00f3n con el Cuerpo de Bomberos y la Secretaria Nacional de Gesti\u00f3n de Riesgos, logr\u00f3 controlar parcialmente el incendio suscitado en el sector de la Laguna de Mojanda, ubicado entre la provincias de Imbabura y Pichincha, que inici\u00f3 el\u00a0<span id=\"OBJ_PREFIX_DWT346_com_zimbra_date\" class=\"Object\" style=\"color: #00008b;\">s\u00e1<\/span>bado 2 de agosto. El incendio est\u00e1 controlado, por el momento, en la zona de Imbabura.<\/p>\n<p style=\"color: #000000;\" align=\"justify\">Inmediatamente conocida la noticia, el MAE despleg\u00f3 un contingente de alrededor de 20 t\u00e9cnicos de la Direcci\u00f3n Provincial del Ambiente de Imbabura, quienes trabajaron con la ayuda de comuneros de la zona en la contenci\u00f3n del fuego. Gracias a la oportuna ayuda de todos, a las 9:00 de hoy, se logr\u00f3 apagar el incendio en la parte de esa provincia, mientras que en Pichincha las labores contin\u00faan.<\/p>\n<p style=\"color: #000000;\" align=\"justify\">A pesar del gran trabajo desplegado por varias instituciones, el fuego no ha sido controlado totalmente, pues la topograf\u00eda, accesibilidad, los vientos y las altas temperaturas complican las labores, sin embargo, se refuerzan acciones para apagar\u00a0el flagelo en esa zona de la Serran\u00eda.<\/p>\n<p style=\"color: #000000;\" align=\"justify\">Al momento, el personal de la Direcci\u00f3n Provincial del Ambiente de Imbabura realiza un barrido de la zona, para determinar con exactitud el \u00e1rea de afectaci\u00f3n y las posibles causas del incendio que afect\u00f3 varias hect\u00e1reas de vegetaci\u00f3n nativa. Las llamas a\u00fan no han afectado las zonas de bosques, \u00fanicamente pajonal, por lo que el MAE trabaja de manera continua con el fin de apagar el incendio suscitado.<\/p>\n<p style=\"color: #000000;\" align=\"justify\">Esta Cartera de Estado solicita a la ciudadan\u00eda que asuman las medidas preventivas necesarias para evitar que incendios forestales como \u00e9ste se repitan. Asimismo, insta a la poblaci\u00f3n a denunciar a las personas que provocan incidentes que afectan a los ecosistemas.<\/p>\n","protected":false},"excerpt":{"rendered":"<p class=\"excerpt\">El Ministerio del Ambiente (MAE), en coordinaci\u00f3n con el Cuerpo de Bomberos y la Secretaria Nacional de Gesti\u00f3n de Riesgos, logr\u00f3 controlar parcialmente el incendio suscitado en el sector de la Laguna de Mojanda, ubicado entre la provincias de Imbabura y Pichincha, que inici\u00f3 el\u00a0s\u00e1bado 2 de agosto. El incendio est\u00e1 controlado, por el momento, en la zona de Imbabura.&hellip; <a href=\"https:\/\/www.ambienteyenergia.gob.ec\/ambiente\/incendio-suscitado-en-la-laguna-de-mojanda-es-controlado-en-la-zona-de-imbabura\/\">Read more &rarr;<\/a><\/p>\n","protected":false},"author":13,"featured_media":20788,"comment_status":"open","ping_status":"open","sticky":false,"template":"","format":"standard","meta":{"footnotes":""},"categories":[16,4],"tags":[],"class_list":["post-21839","post","type-post","status-publish","format-standard","has-post-thumbnail","hentry","category-comunicamos","category-noticias","xfolkentry"],"_links":{"self":[{"href":"https:\/\/www.ambienteyenergia.gob.ec\/ambiente\/wp-json\/wp\/v2\/posts\/21839","targetHints":{"allow":["GET"]}}],"collection":[{"href":"https:\/\/www.ambienteyenergia.gob.ec\/ambiente\/wp-json\/wp\/v2\/posts"}],"about":[{"href":"https:\/\/www.ambienteyenergia.gob.ec\/ambiente\/wp-json\/wp\/v2\/types\/post"}],"author":[{"embeddable":true,"href":"https:\/\/www.ambienteyenergia.gob.ec\/ambiente\/wp-json\/wp\/v2\/users\/13"}],"replies":[{"embeddable":true,"href":"https:\/\/www.ambienteyenergia.gob.ec\/ambiente\/wp-json\/wp\/v2\/comments?post=21839"}],"version-history":[{"count":0,"href":"https:\/\/www.ambienteyenergia.gob.ec\/ambiente\/wp-json\/wp\/v2\/posts\/21839\/revisions"}],"wp:featuredmedia":[{"embeddable":true,"href":"https:\/\/www.ambienteyenergia.gob.ec\/ambiente\/wp-json\/wp\/v2\/media\/20788"}],"wp:attachment":[{"href":"https:\/\/www.ambienteyenergia.gob.ec\/ambiente\/wp-json\/wp\/v2\/media?parent=21839"}],"wp:term":[{"taxonomy":"category","embeddable":true,"href":"https:\/\/www.ambienteyenergia.gob.ec\/ambiente\/wp-json\/wp\/v2\/categories?post=21839"},{"taxonomy":"post_tag","embeddable":true,"href":"https:\/\/www.ambienteyenergia.gob.ec\/ambiente\/wp-json\/wp\/v2\/tags?post=21839"}],"curies":[{"name":"wp","href":"https:\/\/api.w.org\/{rel}","templated":true}]}}