{"id":21829,"date":"2014-08-04T08:41:36","date_gmt":"2014-08-04T13:41:36","guid":{"rendered":"http:\/\/www.ambiente.gob.ec\/?p=21829"},"modified":"2014-08-04T08:41:36","modified_gmt":"2014-08-04T13:41:36","slug":"mae-conserva-areas-protegidas-y-bosques-protectores-de-guayaquil","status":"publish","type":"post","link":"https:\/\/www.ambienteyenergia.gob.ec\/ambiente\/mae-conserva-areas-protegidas-y-bosques-protectores-de-guayaquil\/","title":{"rendered":"MAE conserva \u00e1reas protegidas y bosques protectores de Guayaquil"},"content":{"rendered":"<p style=\"text-align: justify;\">Las principales acciones que esta Cartera de Estado ejecuta para salvaguardar el Patrimonio Natural de Guayaquil se dividen en cuatro ejes que son: Declaratoria y la estructuraci\u00f3n de Planes de Manejo de \u00c1reas Protegidas y Bosques Protectores, la implementaci\u00f3n del Programa Nacional de Incentivos Socio Bosque y la ejecuci\u00f3n del Programa de Restauraci\u00f3n Forestal 2014-2017.<\/p>\n<p style=\"text-align: justify;\"><strong>Declaratoria y la estructuraci\u00f3n de Planes de Manejo de Bosques Protectores<\/strong><\/p>\n<p style=\"text-align: justify;\">El 03 de agosto de 2012, el MAE expidi\u00f3 el Acuerdo Ministerial No. 105 para declarar las 3 602,12 hect\u00e1reas del bosque Papagayo del Guayaquil como Bosque de Vegetaci\u00f3n Protectora. Es decir, esta importante zona localizada en la provincia del Guayas, cant\u00f3n Guayaquil, parroquia Tarqui es protegida y conservada para beneficio de la flora y fauna existentes y, sobre todo, para la ciudadan\u00eda portuaria. Se debe recalcar que esta zona es refugio de varias especies t\u00edpicas de la regi\u00f3n seco tumbesina, convirti\u00e9ndose en un importante sitio para la reintroducci\u00f3n del Guacamayo de Guayaquil (<em>Ara ambiguus guayaquilensis<\/em>), una de las especies m\u00e1s amenazadas en el Ecuador.<\/p>\n<p style=\"text-align: justify;\"><strong>Programa de incentivos Socio Bosque <\/strong><\/p>\n<p style=\"text-align: justify;\">Las zonas prioritarias para su inmediata protecci\u00f3n y conservaci\u00f3n en la regi\u00f3n de Guayaquil son en su mayor\u00eda Bosques Protectores. Por ese motivo, los bosques protectores Chong\u00f3n Colonche, Papagayo de Guayaquil, Prosperina y Cerro Blanco son las zonas donde se concentra la mayor parte de predios que est\u00e1n dentro de Socio Bosque en la provincia del Guayas.<\/p>\n<p style=\"text-align: justify;\">En cuanto a las zonas que no forman parte de Socio Bosque, el MAE, a trav\u00e9s de su Direcci\u00f3n Provincial en Guayas, ha empezado un proceso coordinado con la Alcald\u00eda de Daule para que se declare los cerros de ese cant\u00f3n como \u00c1rea Protegida Municipal. De esta manera, se iniciar\u00e1 un programa de manejo de paisajes para integrar estos cerros con los ubicados en el cant\u00f3n Guayaquil.<\/p>\n<p style=\"text-align: justify;\">Asimismo, se elabora una estrategia de intervenci\u00f3n en el Municipio de Guayaquil, en lo referente al Bosque Protector \u2018El Sendero de Palo Santo\u2019. En ese sentido, se han solicitado los archivos concernientes a estos bosques protectores, como t\u00edtulos de propiedad, planes de manejo si los hay, conflictos, etc.<\/p>\n<p style=\"text-align: justify;\">En ese marco, las acciones identificadas para cumplirse a corto, mediano y largo plazo son:<\/p>\n<p style=\"text-align: justify;\">1)\u00a0\u00a0\u00a0 Con base en los vac\u00edos de conservaci\u00f3n identificados por la Prefectura del Guayas, determinar las diferentes estrategias de manejo y protecci\u00f3n para la conservaci\u00f3n de estas \u00e1reas.<\/p>\n<p style=\"text-align: justify;\">2)\u00a0\u00a0\u00a0 Se llevar\u00e1 a cabo inventarios biol\u00f3gicos y ecol\u00f3gicos de las diferentes \u00e1reas que son importantes para su conservaci\u00f3n, para luego ser socializadas a las unidades de gesti\u00f3n ambiental de los municipios y juntas parroquiales de la provincia del Guayas.<\/p>\n<p style=\"text-align: justify;\">3)\u00a0\u00a0\u00a0 El posicionamiento del Guacamayo de Guayaquil como especie bandera de la regi\u00f3n por parte del MAE y establecer programas para su potencial reintroducci\u00f3n (Pantanal y Probosque llevan programas de reproducci\u00f3n en cautiverio).<\/p>\n<p style=\"text-align: justify;\">4)\u00a0\u00a0\u00a0 La elaboraci\u00f3n de un proyecto de corredor entre los ecosistemas bosque seco (cordillera Chong\u00f3n Colonche) y manglar (Estuario el Salado) uniendo bosques protectores y \u00e1reas protegidas, fortaleciendo a grupos locales, para establecer programas de restauraci\u00f3n de las zonas degradas y de igual forma establecer un monitoreo de canteras y crecimiento de la urbe.<\/p>\n<p style=\"text-align: justify;\"><strong>Programa de Restauraci\u00f3n Forestal 2014-2017<\/strong><\/p>\n<p style=\"text-align: justify;\">\u201cEl nuevo desaf\u00edo que el MAE asumi\u00f3 para este per\u00edodo es una Restauraci\u00f3n Forestal de amplio alcance, para integrar procesos de reforestaci\u00f3n y recuperaci\u00f3n ecol\u00f3gica, que articule ecosistemas fragmentados y permita lograr una conectividad biol\u00f3gica\u201d, recalca el Subsecretario de Patrimonio Natural (e) Francisco Prieto.<\/p>\n<p style=\"text-align: justify;\">En este contexto, el MAE ha dado prioridad a la realizaci\u00f3n del programa de Restauraci\u00f3n Forestal con especies nativas, en \u00c1reas Protegidas y Bosques de Vegetaci\u00f3n Protectora de la Provincia del Guayas. En lo correspondiente a los periodos 2015, 2016 y 2017, esta Cartera de Estado se ha planteado restaurar 6 096 hect\u00e1reas en toda la provincia.<\/p>\n<p style=\"text-align: justify;\"><strong>Reforestaci\u00f3n con especies nativas con fines de Conservaci\u00f3n y Protecci\u00f3n<\/strong><\/p>\n<p style=\"text-align: justify;\">En el periodo 2012-2013, el Ministerio del Ambiente reforest\u00f3 65 mil plantas de especies nativas dentro de Guayaquil, con una superficie de 130 hect\u00e1reas en el Bosque de Vegetaci\u00f3n Protectora Bosqueira, zona que se vio afectada por incendio forestal en el que se perdieron todas las pl\u00e1ntulas establecidas.<\/p>\n<p style=\"text-align: justify;\">Pablo Segale, director provincial del Guayas, recalc\u00f3 que como autoridad ambiental hacemos respetar las leyes y normas vigentes, aplicando sanciones a proyectos que afectan al ambiente y destruyan la poca cobertura vegetal nativa existente en la provincia. En ese sentido, se ha aplicado Procesos Administrativos y tipificando la reposici\u00f3n de la misma con medidas de compensaci\u00f3n ejemplares.<\/p>\n","protected":false},"excerpt":{"rendered":"<p class=\"excerpt\">Las principales acciones que esta Cartera de Estado ejecuta para salvaguardar el Patrimonio Natural de Guayaquil se dividen en cuatro ejes que son: Declaratoria y la estructuraci\u00f3n de Planes de Manejo de \u00c1reas Protegidas y Bosques Protectores, la implementaci\u00f3n del Programa Nacional de Incentivos Socio Bosque y la ejecuci\u00f3n del Programa de Restauraci\u00f3n Forestal 2014-2017. Declaratoria y la estructuraci\u00f3n de&hellip; <a href=\"https:\/\/www.ambienteyenergia.gob.ec\/ambiente\/mae-conserva-areas-protegidas-y-bosques-protectores-de-guayaquil\/\">Read more &rarr;<\/a><\/p>\n","protected":false},"author":13,"featured_media":20789,"comment_status":"open","ping_status":"open","sticky":false,"template":"","format":"standard","meta":{"footnotes":""},"categories":[16,4],"tags":[],"class_list":["post-21829","post","type-post","status-publish","format-standard","has-post-thumbnail","hentry","category-comunicamos","category-noticias","xfolkentry"],"_links":{"self":[{"href":"https:\/\/www.ambienteyenergia.gob.ec\/ambiente\/wp-json\/wp\/v2\/posts\/21829","targetHints":{"allow":["GET"]}}],"collection":[{"href":"https:\/\/www.ambienteyenergia.gob.ec\/ambiente\/wp-json\/wp\/v2\/posts"}],"about":[{"href":"https:\/\/www.ambienteyenergia.gob.ec\/ambiente\/wp-json\/wp\/v2\/types\/post"}],"author":[{"embeddable":true,"href":"https:\/\/www.ambienteyenergia.gob.ec\/ambiente\/wp-json\/wp\/v2\/users\/13"}],"replies":[{"embeddable":true,"href":"https:\/\/www.ambienteyenergia.gob.ec\/ambiente\/wp-json\/wp\/v2\/comments?post=21829"}],"version-history":[{"count":0,"href":"https:\/\/www.ambienteyenergia.gob.ec\/ambiente\/wp-json\/wp\/v2\/posts\/21829\/revisions"}],"wp:featuredmedia":[{"embeddable":true,"href":"https:\/\/www.ambienteyenergia.gob.ec\/ambiente\/wp-json\/wp\/v2\/media\/20789"}],"wp:attachment":[{"href":"https:\/\/www.ambienteyenergia.gob.ec\/ambiente\/wp-json\/wp\/v2\/media?parent=21829"}],"wp:term":[{"taxonomy":"category","embeddable":true,"href":"https:\/\/www.ambienteyenergia.gob.ec\/ambiente\/wp-json\/wp\/v2\/categories?post=21829"},{"taxonomy":"post_tag","embeddable":true,"href":"https:\/\/www.ambienteyenergia.gob.ec\/ambiente\/wp-json\/wp\/v2\/tags?post=21829"}],"curies":[{"name":"wp","href":"https:\/\/api.w.org\/{rel}","templated":true}]}}