{"id":21824,"date":"2014-08-02T23:45:05","date_gmt":"2014-08-03T04:45:05","guid":{"rendered":"http:\/\/www.ambiente.gob.ec\/?p=21824"},"modified":"2014-08-03T13:14:11","modified_gmt":"2014-08-03T18:14:11","slug":"ministra-del-ambiente-lorena-tapia-participo-en-el-gabinete-itinerante-en-bucay","status":"publish","type":"post","link":"https:\/\/www.ambienteyenergia.gob.ec\/ambiente\/ministra-del-ambiente-lorena-tapia-participo-en-el-gabinete-itinerante-en-bucay\/","title":{"rendered":"Ministra del Ambiente, Lorena Tapia, particip\u00f3 en el Gabinete Itinerante en Bucay"},"content":{"rendered":"<p style=\"text-align: justify;\">Hoy, en el marco de la Vig\u00e9sima Sexta Sesi\u00f3n del Gabinete Itinerante realizado en el cant\u00f3n Bucay en la provincia del Guayas, el Ministerio del Ambiente del Ecuador (MAE), representado por la ministra Lorena Tapia N\u00fa\u00f1ez particip\u00f3 en las actividades que se realizaron durante esta jornada que inici\u00f3 ayer con el Gabinete Itinerante y la Noche Cultural; y hoy finaliz\u00f3 con una reuni\u00f3n con alcaldes locales, Feria Ciudadana, Mesa Sectorial y Enlace Ciudadano.<\/p>\n<p style=\"text-align: justify;\">Bucay guarda una inmensa diversidad de flora y fauna, la misma que se encuentra en constantes monitoreos por parte de nuestros t\u00e9cnicos y que a diario se esfuerzan para evitar que sean afectados por la caza o por el tr\u00e1fico de especies.<\/p>\n<p style=\"text-align: justify;\">Gabinete Itinerante<\/p>\n<p style=\"text-align: justify;\">La reuni\u00f3n de autoridades locales, presidida por el Presidente de la Rep\u00fablica, Rafael Correa, se desarroll\u00f3 el d\u00eda de ayer, desde las 07:00. La ministra Tapia expuso puntos importantes en los que el MAE, como autoridad ambiental nacional tiene competencia.<br \/>\nLos programas m\u00e1s importantes en los que el MAE tiene participaci\u00f3n en Guayas.<\/p>\n<ul style=\"text-align: justify;\">\n<li>El Programa Nacional para la Gesti\u00f3n Integral de Desechos S\u00f3lidos (PNGDS) tiene una inversi\u00f3n de USD 993 928,85<\/li>\n<\/ul>\n<p style=\"text-align: justify;\">De los 26 cantones de la provincia de Guayas, 13 GAD\u00b4s con estudios de cierre t\u00e9cnicos aprobados. El 88% de los cantones de la provincia del Guayas posee Estudios de gesti\u00f3n integral de residuos s\u00f3lidos, es decir, 22 GADS. Adem\u00e1s, de los cuatro GADS de la provincia del Guayas forman parte del proyecto hist\u00f3rico de los estudios de la mancomunidad del Buen Vivir.<\/p>\n<p style=\"text-align: justify;\">Se ha programado la entrega al Banco del Estado, los estudios de los cantones de Playas, Marcelino Maridue\u00f1a, El Triunfo, Dur\u00e1n que ya contar\u00e1n con viabilidad t\u00e9cnica.<br \/>\nMesa Sectorial y Enlace Ciudadano.<\/p>\n<p style=\"text-align: justify;\">La Ministra particip\u00f3 en las mesas sectoriales que se ubicaron en la Unidad Educativa Gral. Antonio Elizalde donde las autoridades de todas las instituciones p\u00fablicas atendieron a la comunidad de Bucay y sus alrededores. En este espacio, al igual que la Feria ciudadana permite a los ciudadanos conocer los programas y proyectos que el MAE maneja en pro de un ambiente saludable.<\/p>\n<p style=\"text-align: justify;\">Entre los pedidos presentados en la mesa sectorial fue, la solicitud de financiamiento para iniciar con el proceso del manejo adecuado de los residuos s\u00f3lidos en los cantones Cumand\u00e1, Bucay y Pallatanga pues est\u00e1n interesados en contribuir con el medio ambiente y quieren evitar que los lixiviados generen m\u00e1s contaminaci\u00f3n a sus suelos agr\u00edcolas. A lo que la Ministra Lorena Tapia, indic\u00f3 que se evaluar\u00e1 el pedido y que el financiamiento lo ejecuta el Banco del Estado por cuanto deben iniciar con el proceso para evaluar con nuestros t\u00e9cnicos sus necesidades.<\/p>\n<p style=\"text-align: justify;\">Al mismo tiempo, se realiz\u00f3 el Enlace Ciudadano #376 en la cancha de f\u00fatbol Liga Deportiva Cantonal de Bucay donde el Primer Mandatario rindi\u00f3 cuentas de las labores realizadas durante la semana en nuestro pa\u00eds, adem\u00e1s que hizo hincapi\u00e9 en la mala intensi\u00f3n de ciertos ciudadanos ante nuestra lucha contra la contaminaci\u00f3n evidenciada en la Amazon\u00eda ecuatoriana. Mencion\u00f3 sobre el foro con acad\u00e9micos de Estados Unidos de Am\u00e9rica el mismo que fue organizado por nuestra Cartera de Estado y la Embajada de Ecuador en Estados Unidos de Am\u00e9rica donde estos estudiosos pudieron constatar de la contaminaci\u00f3n generada por Chevron y que hacen su intento por desligarse de su responsabilidad, adem\u00e1s de que espera que este tipo de di\u00e1logos se extiendan para que m\u00e1s acad\u00e9micos a nivel internacional puedan sumarse a nuestra lucha contra Chevron.<\/p>\n","protected":false},"excerpt":{"rendered":"<p class=\"excerpt\">Hoy, en el marco de la Vig\u00e9sima Sexta Sesi\u00f3n del Gabinete Itinerante realizado en el cant\u00f3n Bucay en la provincia del Guayas, el Ministerio del Ambiente del Ecuador (MAE), representado por la ministra Lorena Tapia N\u00fa\u00f1ez particip\u00f3 en las actividades que se realizaron durante esta jornada que inici\u00f3 ayer con el Gabinete Itinerante y la Noche Cultural; y hoy finaliz\u00f3&hellip; <a href=\"https:\/\/www.ambienteyenergia.gob.ec\/ambiente\/ministra-del-ambiente-lorena-tapia-participo-en-el-gabinete-itinerante-en-bucay\/\">Read more &rarr;<\/a><\/p>\n","protected":false},"author":13,"featured_media":21825,"comment_status":"open","ping_status":"open","sticky":false,"template":"","format":"standard","meta":{"footnotes":""},"categories":[16,4],"tags":[528,387,54],"class_list":["post-21824","post","type-post","status-publish","format-standard","has-post-thumbnail","hentry","category-comunicamos","category-noticias","tag-bucay","tag-mae-lorena-tapia","tag-ministerio-del-ambiente","xfolkentry"],"_links":{"self":[{"href":"https:\/\/www.ambienteyenergia.gob.ec\/ambiente\/wp-json\/wp\/v2\/posts\/21824","targetHints":{"allow":["GET"]}}],"collection":[{"href":"https:\/\/www.ambienteyenergia.gob.ec\/ambiente\/wp-json\/wp\/v2\/posts"}],"about":[{"href":"https:\/\/www.ambienteyenergia.gob.ec\/ambiente\/wp-json\/wp\/v2\/types\/post"}],"author":[{"embeddable":true,"href":"https:\/\/www.ambienteyenergia.gob.ec\/ambiente\/wp-json\/wp\/v2\/users\/13"}],"replies":[{"embeddable":true,"href":"https:\/\/www.ambienteyenergia.gob.ec\/ambiente\/wp-json\/wp\/v2\/comments?post=21824"}],"version-history":[{"count":0,"href":"https:\/\/www.ambienteyenergia.gob.ec\/ambiente\/wp-json\/wp\/v2\/posts\/21824\/revisions"}],"wp:featuredmedia":[{"embeddable":true,"href":"https:\/\/www.ambienteyenergia.gob.ec\/ambiente\/wp-json\/wp\/v2\/media\/21825"}],"wp:attachment":[{"href":"https:\/\/www.ambienteyenergia.gob.ec\/ambiente\/wp-json\/wp\/v2\/media?parent=21824"}],"wp:term":[{"taxonomy":"category","embeddable":true,"href":"https:\/\/www.ambienteyenergia.gob.ec\/ambiente\/wp-json\/wp\/v2\/categories?post=21824"},{"taxonomy":"post_tag","embeddable":true,"href":"https:\/\/www.ambienteyenergia.gob.ec\/ambiente\/wp-json\/wp\/v2\/tags?post=21824"}],"curies":[{"name":"wp","href":"https:\/\/api.w.org\/{rel}","templated":true}]}}