{"id":21820,"date":"2014-08-01T16:53:58","date_gmt":"2014-08-01T21:53:58","guid":{"rendered":"http:\/\/www.ambiente.gob.ec\/?p=21820"},"modified":"2014-08-01T16:53:58","modified_gmt":"2014-08-01T21:53:58","slug":"mae-pras-firma-convenio-para-iniciar-reparacion-ambiental-en-el-cerro-shishio-afectado-por-el-desastre-de-la-josefina","status":"publish","type":"post","link":"https:\/\/www.ambienteyenergia.gob.ec\/ambiente\/mae-pras-firma-convenio-para-iniciar-reparacion-ambiental-en-el-cerro-shishio-afectado-por-el-desastre-de-la-josefina\/","title":{"rendered":"MAE-PRAS firma convenio para iniciar reparaci\u00f3n ambiental en el cerro Shish\u00edo afectado por el desastre de La Josefina"},"content":{"rendered":"<p style=\"text-align: justify;\">El Ministerio del Ambiente (MAE) a trav\u00e9s del Programa de Reparaci\u00f3n Ambiental y Social (PRAS) y su Unidad T\u00e9cnica La Josefina, en coordinaci\u00f3n con la Direcci\u00f3n Provincial del Ambiente del Azuay, firm\u00f3 un convenio interinstitucional con EP Petroecuador para iniciar el proceso de reparaci\u00f3n ambiental y reforestaci\u00f3n de los predios expropiados en la parte baja del cerro Shish\u00edo. Con estas acciones se espera recuperar el terreno que en la actualidad se encuentra sin capa vegetal.<\/p>\n<p style=\"text-align: justify;\">\nEl trabajo de reparaci\u00f3n que se realizar\u00e1 consiste en aplicar diez metros de capa vegetal sobre el nivel actual del terreno para que se puedan llevar a cabo actividades de reforestaci\u00f3n. Por su parte, el PRAS se encargar\u00e1 de monitorear las gestiones y dar seguimiento a los trabajos que emprender\u00e1 EP Petroecuador en el cerro Shish\u00edo, zona conocida como San Pedro de los Olivos e Islaplants.<\/p>\n<p style=\"text-align: justify;\">\nEl MAE, mediante Acuerdo Ministerial No.282, del 15 de julio de 2010 y publicado en el Registro Oficial No.256 del 12 de agosto de 2010, estableci\u00f3 los l\u00edmites y declar\u00f3 de utilidad p\u00fablica con fines de expropiaci\u00f3n, de car\u00e1cter urgente y ocupaci\u00f3n inmediata, los predios ubicados en la Zona 1 de La Josefina. Para viabilizar el trabajo, el MAE deleg\u00f3 al Programa de Reparaci\u00f3n Ambiental y Social (PRAS) la ejecuci\u00f3n de las consignaciones de los procesos de expropiaci\u00f3n de los terrenos declarados de utilidad p\u00fablica.<\/p>\n","protected":false},"excerpt":{"rendered":"<p class=\"excerpt\">El Ministerio del Ambiente (MAE) a trav\u00e9s del Programa de Reparaci\u00f3n Ambiental y Social (PRAS) y su Unidad T\u00e9cnica La Josefina, en coordinaci\u00f3n con la Direcci\u00f3n Provincial del Ambiente del Azuay, firm\u00f3 un convenio interinstitucional con EP Petroecuador para iniciar el proceso de reparaci\u00f3n ambiental y reforestaci\u00f3n de los predios expropiados en la parte baja del cerro Shish\u00edo. Con estas&hellip; <a href=\"https:\/\/www.ambienteyenergia.gob.ec\/ambiente\/mae-pras-firma-convenio-para-iniciar-reparacion-ambiental-en-el-cerro-shishio-afectado-por-el-desastre-de-la-josefina\/\">Read more &rarr;<\/a><\/p>\n","protected":false},"author":13,"featured_media":21821,"comment_status":"open","ping_status":"open","sticky":false,"template":"","format":"standard","meta":{"footnotes":""},"categories":[16,4],"tags":[],"class_list":["post-21820","post","type-post","status-publish","format-standard","has-post-thumbnail","hentry","category-comunicamos","category-noticias","xfolkentry"],"_links":{"self":[{"href":"https:\/\/www.ambienteyenergia.gob.ec\/ambiente\/wp-json\/wp\/v2\/posts\/21820","targetHints":{"allow":["GET"]}}],"collection":[{"href":"https:\/\/www.ambienteyenergia.gob.ec\/ambiente\/wp-json\/wp\/v2\/posts"}],"about":[{"href":"https:\/\/www.ambienteyenergia.gob.ec\/ambiente\/wp-json\/wp\/v2\/types\/post"}],"author":[{"embeddable":true,"href":"https:\/\/www.ambienteyenergia.gob.ec\/ambiente\/wp-json\/wp\/v2\/users\/13"}],"replies":[{"embeddable":true,"href":"https:\/\/www.ambienteyenergia.gob.ec\/ambiente\/wp-json\/wp\/v2\/comments?post=21820"}],"version-history":[{"count":0,"href":"https:\/\/www.ambienteyenergia.gob.ec\/ambiente\/wp-json\/wp\/v2\/posts\/21820\/revisions"}],"wp:featuredmedia":[{"embeddable":true,"href":"https:\/\/www.ambienteyenergia.gob.ec\/ambiente\/wp-json\/wp\/v2\/media\/21821"}],"wp:attachment":[{"href":"https:\/\/www.ambienteyenergia.gob.ec\/ambiente\/wp-json\/wp\/v2\/media?parent=21820"}],"wp:term":[{"taxonomy":"category","embeddable":true,"href":"https:\/\/www.ambienteyenergia.gob.ec\/ambiente\/wp-json\/wp\/v2\/categories?post=21820"},{"taxonomy":"post_tag","embeddable":true,"href":"https:\/\/www.ambienteyenergia.gob.ec\/ambiente\/wp-json\/wp\/v2\/tags?post=21820"}],"curies":[{"name":"wp","href":"https:\/\/api.w.org\/{rel}","templated":true}]}}