{"id":21815,"date":"2014-08-01T16:31:26","date_gmt":"2014-08-01T21:31:26","guid":{"rendered":"http:\/\/www.ambiente.gob.ec\/?p=21815"},"modified":"2014-08-01T16:31:26","modified_gmt":"2014-08-01T21:31:26","slug":"alrededor-de-350-ninos-seran-capacitados-en-buenas-practicas-ambientales","status":"publish","type":"post","link":"https:\/\/www.ambienteyenergia.gob.ec\/ambiente\/alrededor-de-350-ninos-seran-capacitados-en-buenas-practicas-ambientales\/","title":{"rendered":"Alrededor de 350 ni\u00f1os ser\u00e1n capacitados en buenas pr\u00e1cticas ambientales"},"content":{"rendered":"<p style=\"text-align: justify;\">El Ministerio del Ambiente (MAE), a trav\u00e9s del Proyecto de Educaci\u00f3n Ambiental Ciudadana &#8216;Somos parte de la Soluci\u00f3n&#8217;, inaugur\u00f3 el pasado 29 de julio, las jornadas de capacitaci\u00f3n de la Red Guardianes del Planeta, que se ejecutar\u00e1n en cuatro instituciones educativas del cant\u00f3n Urdeta, provincia de El Oro. Estos talleres tienen como principal objetivo crear conciencia en docentes, ni\u00f1os y ni\u00f1as de educaci\u00f3n b\u00e1sica sobre la importancia de conservar los ecosistemas, a partir de buenas pr\u00e1cticas ambientales.<\/p>\n<p style=\"text-align: justify;\">El evento de inauguraci\u00f3n, que se desarroll\u00f3 en la provincia de El Oro, cont\u00f3 con la participaci\u00f3n de Cecilia Castro, representante del Parlamento Andino; Diego Marchan Vaca, Director Distrital del Ministerio de Educaci\u00f3n de Urdaneta Pueblo Viejo; Cristian Lara presidente del Gobierno Aut\u00f3nomo Descentralizado de Ricaute; representantes del Ministerio del Ambiente y dem\u00e1s autoridades locales; quienes se comprometieron a brindar la ayuda necesaria e impulsar esta iniciativa de educaci\u00f3n con el prop\u00f3sito de mejorara la calidad de vida de los habitantes del sector.<\/p>\n<p style=\"text-align: justify;\">Como parte de este programa se capacitar\u00e1 a alrededor de 350 ni\u00f1os en temas como buenas pr\u00e1cticas ambientales, cuidado y conservaci\u00f3n del planeta y reciclaje, entre otros.<\/p>\n<p style=\"text-align: justify;\">En esta jornada de educaci\u00f3n ambiental, los funcionarios del MAE educar\u00e1n a los ni\u00f1os con varios juegos l\u00fadicos y din\u00e1micas que motiven a los peque\u00f1os y los comprometan con este proyecto ambiental.<\/p>\n<p style=\"text-align: justify;\">El crecimiento de la poblaci\u00f3n y la constate degradaci\u00f3n del entorno ambiental hace necesario el promover iniciativas de educaci\u00f3n formal como \u00e9sta, con la finalidad de generar un cambio de comportamiento frente a los estilos de vida que se lleva, para lo cual las autoridades del Cant\u00f3n Urdaneta propusieron un trabajo mancomunado que involucren las instituciones del estado y sobre todo a la ciudadan\u00eda.<\/p>\n<p style=\"text-align: justify;\"><strong>\u00bfQu\u00e9 es la Red Guardianes del Planeta?<\/strong><\/p>\n<p style=\"text-align: justify;\">La Red Guardianes del Planeta (RGP) fue presentada el 26 de enero del a\u00f1o pasado, en conmemoraci\u00f3n del D\u00eda Mundial de la Educaci\u00f3n Ambiental, con el objetivo de formar ciudadanos y ciudadanas, que tengan la capacidad de proteger el ambiente y adoptar buenas pr\u00e1cticas ambientales.<\/p>\n<p style=\"text-align: justify;\">La RGP ha tenido un impacto positivo en la adopci\u00f3n de buenas pr\u00e1cticas ambientales en la poblaci\u00f3n ecuatoriana, a trav\u00e9s de actividades innovadoras de conservaci\u00f3n del medio natural creando conciencia en docentes, ni\u00f1os y ni\u00f1as sobre el uso responsable de recursos naturales. En el a\u00f1o 2013, por ejemplo, sensibiliz\u00f3 a 23 213 ni\u00f1os con una cobertura nacional.<\/p>\n","protected":false},"excerpt":{"rendered":"<p class=\"excerpt\">El Ministerio del Ambiente (MAE), a trav\u00e9s del Proyecto de Educaci\u00f3n Ambiental Ciudadana &#8216;Somos parte de la Soluci\u00f3n&#8217;, inaugur\u00f3 el pasado 29 de julio, las jornadas de capacitaci\u00f3n de la Red Guardianes del Planeta, que se ejecutar\u00e1n en cuatro instituciones educativas del cant\u00f3n Urdeta, provincia de El Oro. Estos talleres tienen como principal objetivo crear conciencia en docentes, ni\u00f1os y&hellip; <a href=\"https:\/\/www.ambienteyenergia.gob.ec\/ambiente\/alrededor-de-350-ninos-seran-capacitados-en-buenas-practicas-ambientales\/\">Read more &rarr;<\/a><\/p>\n","protected":false},"author":13,"featured_media":21817,"comment_status":"open","ping_status":"open","sticky":false,"template":"","format":"standard","meta":{"footnotes":""},"categories":[16,4],"tags":[],"class_list":["post-21815","post","type-post","status-publish","format-standard","has-post-thumbnail","hentry","category-comunicamos","category-noticias","xfolkentry"],"_links":{"self":[{"href":"https:\/\/www.ambienteyenergia.gob.ec\/ambiente\/wp-json\/wp\/v2\/posts\/21815","targetHints":{"allow":["GET"]}}],"collection":[{"href":"https:\/\/www.ambienteyenergia.gob.ec\/ambiente\/wp-json\/wp\/v2\/posts"}],"about":[{"href":"https:\/\/www.ambienteyenergia.gob.ec\/ambiente\/wp-json\/wp\/v2\/types\/post"}],"author":[{"embeddable":true,"href":"https:\/\/www.ambienteyenergia.gob.ec\/ambiente\/wp-json\/wp\/v2\/users\/13"}],"replies":[{"embeddable":true,"href":"https:\/\/www.ambienteyenergia.gob.ec\/ambiente\/wp-json\/wp\/v2\/comments?post=21815"}],"version-history":[{"count":0,"href":"https:\/\/www.ambienteyenergia.gob.ec\/ambiente\/wp-json\/wp\/v2\/posts\/21815\/revisions"}],"wp:featuredmedia":[{"embeddable":true,"href":"https:\/\/www.ambienteyenergia.gob.ec\/ambiente\/wp-json\/wp\/v2\/media\/21817"}],"wp:attachment":[{"href":"https:\/\/www.ambienteyenergia.gob.ec\/ambiente\/wp-json\/wp\/v2\/media?parent=21815"}],"wp:term":[{"taxonomy":"category","embeddable":true,"href":"https:\/\/www.ambienteyenergia.gob.ec\/ambiente\/wp-json\/wp\/v2\/categories?post=21815"},{"taxonomy":"post_tag","embeddable":true,"href":"https:\/\/www.ambienteyenergia.gob.ec\/ambiente\/wp-json\/wp\/v2\/tags?post=21815"}],"curies":[{"name":"wp","href":"https:\/\/api.w.org\/{rel}","templated":true}]}}