{"id":21808,"date":"2014-08-01T16:18:45","date_gmt":"2014-08-01T21:18:45","guid":{"rendered":"http:\/\/www.ambiente.gob.ec\/?p=21808"},"modified":"2014-08-01T16:20:38","modified_gmt":"2014-08-01T21:20:38","slug":"mae-libera-un-especimen-de-cocodrilo-hembra-en-la-reserva-de-produccion-faunistica-manglares-el-salado","status":"publish","type":"post","link":"https:\/\/www.ambienteyenergia.gob.ec\/ambiente\/mae-libera-un-especimen-de-cocodrilo-hembra-en-la-reserva-de-produccion-faunistica-manglares-el-salado\/","title":{"rendered":"MAE libera un esp\u00e9cimen de cocodrilo hembra en la Reserva de Producci\u00f3n Faun\u00edstica Manglares El Salado"},"content":{"rendered":"<p style=\"text-align: justify;\">Gracias a una denuncia ciudadana, el Ministerio del Ambiente de Ecuador (MAE), a trav\u00e9s de la Direcci\u00f3n Provincial del Ambiente del Guayas, logr\u00f3 el decomiso de un cocodrilo adulto (crocodylus acutus), que permanec\u00eda dentro de un peque\u00f1o lugar, con sogas en su torso que le imped\u00edan su libre movilidad.<\/p>\n<p style=\"text-align: justify;\">En una propiedad ubicada en el reciento San Jos\u00e9, del cant\u00f3n Nobol, en la provincia del Guayas, este esp\u00e9cimen permaneci\u00f3 por cerca de ocho a\u00f1os, al cuidado de los propietarios de la vivienda, quienes lo alimentaban con peces de r\u00edo.<\/p>\n<p style=\"text-align: justify;\">Al momento de la intervenci\u00f3n, los t\u00e9cnicos de vida silvestre, de esta Cartera de Estado, pudieron constatar el buen estado de salud del cocodrilo hembra, de 2,6 metros de longitud. Esta valoraci\u00f3n fue confirmada por los m\u00e9dicos veterinarios del Parque Hist\u00f3rico de Guayaquil, quienes realizaron un diagn\u00f3stico del estado real de salud de esta hembra que posee un peso de 100 libras.<\/p>\n<p style=\"text-align: justify;\">Una vez concluido todo el procedimiento t\u00e9cnico, el personal del MAE procedio a liberar a este esp\u00e9cimen de vida silvestre en la Reserva de Producci\u00f3n Faun\u00edstica Manglares El Salado, en donde contar\u00e1 con los cuidados necesarios para su desarrollo adecuado, adem\u00e1s de contar con las condiciones de su h\u00e1bitat natural.<\/p>\n","protected":false},"excerpt":{"rendered":"<p class=\"excerpt\">Gracias a una denuncia ciudadana, el Ministerio del Ambiente de Ecuador (MAE), a trav\u00e9s de la Direcci\u00f3n Provincial del Ambiente del Guayas, logr\u00f3 el decomiso de un cocodrilo adulto (crocodylus acutus), que permanec\u00eda dentro de un peque\u00f1o lugar, con sogas en su torso que le imped\u00edan su libre movilidad. En una propiedad ubicada en el reciento San Jos\u00e9, del cant\u00f3n&hellip; <a href=\"https:\/\/www.ambienteyenergia.gob.ec\/ambiente\/mae-libera-un-especimen-de-cocodrilo-hembra-en-la-reserva-de-produccion-faunistica-manglares-el-salado\/\">Read more &rarr;<\/a><\/p>\n","protected":false},"author":13,"featured_media":21809,"comment_status":"open","ping_status":"open","sticky":false,"template":"","format":"standard","meta":{"footnotes":""},"categories":[16,4],"tags":[],"class_list":["post-21808","post","type-post","status-publish","format-standard","has-post-thumbnail","hentry","category-comunicamos","category-noticias","xfolkentry"],"_links":{"self":[{"href":"https:\/\/www.ambienteyenergia.gob.ec\/ambiente\/wp-json\/wp\/v2\/posts\/21808","targetHints":{"allow":["GET"]}}],"collection":[{"href":"https:\/\/www.ambienteyenergia.gob.ec\/ambiente\/wp-json\/wp\/v2\/posts"}],"about":[{"href":"https:\/\/www.ambienteyenergia.gob.ec\/ambiente\/wp-json\/wp\/v2\/types\/post"}],"author":[{"embeddable":true,"href":"https:\/\/www.ambienteyenergia.gob.ec\/ambiente\/wp-json\/wp\/v2\/users\/13"}],"replies":[{"embeddable":true,"href":"https:\/\/www.ambienteyenergia.gob.ec\/ambiente\/wp-json\/wp\/v2\/comments?post=21808"}],"version-history":[{"count":0,"href":"https:\/\/www.ambienteyenergia.gob.ec\/ambiente\/wp-json\/wp\/v2\/posts\/21808\/revisions"}],"wp:featuredmedia":[{"embeddable":true,"href":"https:\/\/www.ambienteyenergia.gob.ec\/ambiente\/wp-json\/wp\/v2\/media\/21809"}],"wp:attachment":[{"href":"https:\/\/www.ambienteyenergia.gob.ec\/ambiente\/wp-json\/wp\/v2\/media?parent=21808"}],"wp:term":[{"taxonomy":"category","embeddable":true,"href":"https:\/\/www.ambienteyenergia.gob.ec\/ambiente\/wp-json\/wp\/v2\/categories?post=21808"},{"taxonomy":"post_tag","embeddable":true,"href":"https:\/\/www.ambienteyenergia.gob.ec\/ambiente\/wp-json\/wp\/v2\/tags?post=21808"}],"curies":[{"name":"wp","href":"https:\/\/api.w.org\/{rel}","templated":true}]}}