{"id":21802,"date":"2014-08-01T14:01:13","date_gmt":"2014-08-01T19:01:13","guid":{"rendered":"http:\/\/www.ambiente.gob.ec\/?p=21802"},"modified":"2014-08-01T14:01:13","modified_gmt":"2014-08-01T19:01:13","slug":"2-483-iguanas-amarillas-se-registraron-en-el-censo-poblacional-realizado-en-seymour-norte","status":"publish","type":"post","link":"https:\/\/www.ambienteyenergia.gob.ec\/ambiente\/2-483-iguanas-amarillas-se-registraron-en-el-censo-poblacional-realizado-en-seymour-norte\/","title":{"rendered":"2 483  iguanas amarillas se registraron en el censo poblacional realizado en Seymour Norte"},"content":{"rendered":"<p style=\"text-align: justify;\"><em>Los resultados demuestran estabilidad en la poblaci\u00f3n de iguanas terrestres de esta isla.\u00a0<\/em><\/p>\n<p style=\"text-align: justify;\">\n<p style=\"text-align: justify;\">Un censo de iguanas terrestres en la isla Seymour Norte, en el archipi\u00e9lago de Gal\u00e1pagos, report\u00f3 la presencia de 2 483 individuos, lo que evidenci\u00f3 una importante estabilidad de la poblaci\u00f3n de iguanas\u00a0 en esta isla de 1,83 kil\u00f3metros de extensi\u00f3n.<\/p>\n<p style=\"text-align: justify;\">\n<p style=\"text-align: justify;\">El Ministerio del Ambiente, a trav\u00e9s de la Direcci\u00f3n del Parque Nacional Gal\u00e1pagos (DPNG), despleg\u00f3 un equipo de 26 guardaparques a la isla Seymour Norte, quienes en parejas cubrieron los 13 cuadrantes en los que se dividi\u00f3 la isla, para tener una cobertura total de su superficie.<\/p>\n<p style=\"text-align: justify;\">\n<p style=\"text-align: justify;\">Previo al censo, los guardaparques recibieron una capacitaci\u00f3n sobre el uso del equipo (GPS) y metodolog\u00eda a utilizar. \u00a0Una vez que los funcionarios estuvieron en los puntos designados, a la misma hora, empezaron el recorrido por los cuadrantes para registrar cada individuo avistado, posici\u00f3n geogr\u00e1fica, sexo y edad.<\/p>\n<p style=\"text-align: justify;\">\n<p style=\"text-align: justify;\">El censo dio como resultado la existencia de 1 117 hembras, 873 machos y 493 juveniles, un total de 2 483 iguanas amarillas las que cumplen la funci\u00f3n de reguladoras del ecosistema de la isla Seymour Norte.<\/p>\n<p style=\"text-align: justify;\">\n<p style=\"text-align: justify;\">\u201cEn el 2008 se ejecut\u00f3 un plan de erradicaci\u00f3n de roedores en Seymour Norte, lo que favorece las condiciones ecol\u00f3gicas en las que habitan las iguanas y las dem\u00e1s especies end\u00e9micas de la isla, como piqueros y fragatas\u201d mencion\u00f3 V\u00edctor Carri\u00f3n, Director de Ecosistemas del Parque Nacional Gal\u00e1pagos.<\/p>\n<p style=\"text-align: justify;\">\n<p style=\"text-align: justify;\"><strong>Iguanas con historia<\/strong><\/p>\n<p style=\"text-align: justify;\">\nLas iguanas amarillas (Conolophus subcristatus) hist\u00f3ricamente se asentaron en la isla Baltra, sin embargo, en 1932 y 1933, el capit\u00e1n Alan Hancokc, traslad\u00f3 73 iguanas a Seymour, con el objetivo de que pudieran sobrevivir en mejores condiciones, dado que Baltra ten\u00eda presencia de chivos. Al a\u00f1o siguiente se confirm\u00f3 que este grupo de iguanas se hab\u00edan adaptado sin problemas a su nuevo h\u00e1bitat.<\/p>\n<p style=\"text-align: justify;\">\n<p style=\"text-align: justify;\">Durante la segunda guerra mundial, la isla Baltra fue ocupada por una base militar estadounidense, contribuyendo a la disminuci\u00f3n de la poblaci\u00f3n iguanas terrestres de esa isla, por la alteraci\u00f3n de su h\u00e1bitat, a trav\u00e9s de la construcci\u00f3n de edificaciones, caminos, aeropuertos, muelles, etc.<\/p>\n<p style=\"text-align: justify;\">\n<p style=\"text-align: justify;\">Gracias a la reubicaci\u00f3n de las iguanas hacia Seymour, la especie de iguana amarilla sobrevivi\u00f3. En 1980, la DPNG inici\u00f3 un programa de reproducci\u00f3n en cautiverio de iguanas terrestres con algunos ejemplares de la isla Seymour Norte. En 28 a\u00f1os que dur\u00f3 el programa se repatriaron 420 individuos a la isla Baltra, devolvi\u00e9ndole a la isla su habitante m\u00e1s ilustre.<\/p>\n","protected":false},"excerpt":{"rendered":"<p class=\"excerpt\">Los resultados demuestran estabilidad en la poblaci\u00f3n de iguanas terrestres de esta isla.\u00a0 Un censo de iguanas terrestres en la isla Seymour Norte, en el archipi\u00e9lago de Gal\u00e1pagos, report\u00f3 la presencia de 2 483 individuos, lo que evidenci\u00f3 una importante estabilidad de la poblaci\u00f3n de iguanas\u00a0 en esta isla de 1,83 kil\u00f3metros de extensi\u00f3n. El Ministerio del Ambiente, a trav\u00e9s&hellip; <a href=\"https:\/\/www.ambienteyenergia.gob.ec\/ambiente\/2-483-iguanas-amarillas-se-registraron-en-el-censo-poblacional-realizado-en-seymour-norte\/\">Read more &rarr;<\/a><\/p>\n","protected":false},"author":13,"featured_media":21803,"comment_status":"open","ping_status":"open","sticky":false,"template":"","format":"standard","meta":{"footnotes":""},"categories":[16,4],"tags":[],"class_list":["post-21802","post","type-post","status-publish","format-standard","has-post-thumbnail","hentry","category-comunicamos","category-noticias","xfolkentry"],"_links":{"self":[{"href":"https:\/\/www.ambienteyenergia.gob.ec\/ambiente\/wp-json\/wp\/v2\/posts\/21802","targetHints":{"allow":["GET"]}}],"collection":[{"href":"https:\/\/www.ambienteyenergia.gob.ec\/ambiente\/wp-json\/wp\/v2\/posts"}],"about":[{"href":"https:\/\/www.ambienteyenergia.gob.ec\/ambiente\/wp-json\/wp\/v2\/types\/post"}],"author":[{"embeddable":true,"href":"https:\/\/www.ambienteyenergia.gob.ec\/ambiente\/wp-json\/wp\/v2\/users\/13"}],"replies":[{"embeddable":true,"href":"https:\/\/www.ambienteyenergia.gob.ec\/ambiente\/wp-json\/wp\/v2\/comments?post=21802"}],"version-history":[{"count":0,"href":"https:\/\/www.ambienteyenergia.gob.ec\/ambiente\/wp-json\/wp\/v2\/posts\/21802\/revisions"}],"wp:featuredmedia":[{"embeddable":true,"href":"https:\/\/www.ambienteyenergia.gob.ec\/ambiente\/wp-json\/wp\/v2\/media\/21803"}],"wp:attachment":[{"href":"https:\/\/www.ambienteyenergia.gob.ec\/ambiente\/wp-json\/wp\/v2\/media?parent=21802"}],"wp:term":[{"taxonomy":"category","embeddable":true,"href":"https:\/\/www.ambienteyenergia.gob.ec\/ambiente\/wp-json\/wp\/v2\/categories?post=21802"},{"taxonomy":"post_tag","embeddable":true,"href":"https:\/\/www.ambienteyenergia.gob.ec\/ambiente\/wp-json\/wp\/v2\/tags?post=21802"}],"curies":[{"name":"wp","href":"https:\/\/api.w.org\/{rel}","templated":true}]}}