{"id":21799,"date":"2014-08-01T12:04:19","date_gmt":"2014-08-01T17:04:19","guid":{"rendered":"http:\/\/www.ambiente.gob.ec\/?p=21799"},"modified":"2014-08-01T12:04:19","modified_gmt":"2014-08-01T17:04:19","slug":"mae-decomisa-dos-loros-frentiroja-en-pichincha","status":"publish","type":"post","link":"https:\/\/www.ambienteyenergia.gob.ec\/ambiente\/mae-decomisa-dos-loros-frentiroja-en-pichincha\/","title":{"rendered":"MAE decomisa dos loros frentiroja en Pichincha"},"content":{"rendered":"<p style=\"text-align: justify;\">El Ministerio del Ambiente de Ecuador (MAE), a trav\u00e9s de la Direcci\u00f3n Provincial del Ambiente de Pichincha decomis\u00f3 dos loros frentiroja (amazona autumnalis), en un domicilio de la ciudad de Quito en el que permanecieron aproximadamente un a\u00f1o y medio.<\/p>\n<p style=\"text-align: justify;\">\n<p>Estos espec\u00edmenes fueron entregados de forma voluntaria a personal del MAE y la Unidad de Protecci\u00f3n del Medio Ambiente (UPMA), de la Polic\u00eda Nacional en un trabajo conjunto para lograr que las especies de vida silvestre sean reinsertadas en su habitad natural o en centros de rescate.<\/p>\n<p style=\"text-align: justify;\">\nUna vez puestos en custodia, los loros fueron trasladados al Hospital Veterinario de la Universidad\u00a0 San Francisco de Quito, para su evaluaci\u00f3n y diagn\u00f3stico sobre el estado de salud de esos dos animales, que se prev\u00e9 puedan ser entregados a un centro de vida silvestre.<\/p>\n<p style=\"text-align: justify;\">\nEl MAE, inici\u00f3 el proceso administrativo correspondiente, amparado en el C\u00f3digo Penal Ecuatoriano en su Art. 437 F.- \u201cEl que cace, capture, recolecte, extraiga o comercialice, especies de flora o fauna que est\u00e9n legalmente protegidas contraviniendo las disposiciones legales y reglamentarias sobre la materia, ser\u00e1 reprimido con prisi\u00f3n de uno a tres a\u00f1os y cuatro a\u00f1os cuando se trate de especies en peligro de extinci\u00f3n\u201d.<\/p>\n","protected":false},"excerpt":{"rendered":"<p class=\"excerpt\">El Ministerio del Ambiente de Ecuador (MAE), a trav\u00e9s de la Direcci\u00f3n Provincial del Ambiente de Pichincha decomis\u00f3 dos loros frentiroja (amazona autumnalis), en un domicilio de la ciudad de Quito en el que permanecieron aproximadamente un a\u00f1o y medio. Estos espec\u00edmenes fueron entregados de forma voluntaria a personal del MAE y la Unidad de Protecci\u00f3n del Medio Ambiente (UPMA),&hellip; <a href=\"https:\/\/www.ambienteyenergia.gob.ec\/ambiente\/mae-decomisa-dos-loros-frentiroja-en-pichincha\/\">Read more &rarr;<\/a><\/p>\n","protected":false},"author":13,"featured_media":21800,"comment_status":"open","ping_status":"open","sticky":false,"template":"","format":"standard","meta":{"footnotes":""},"categories":[16,4],"tags":[],"class_list":["post-21799","post","type-post","status-publish","format-standard","has-post-thumbnail","hentry","category-comunicamos","category-noticias","xfolkentry"],"_links":{"self":[{"href":"https:\/\/www.ambienteyenergia.gob.ec\/ambiente\/wp-json\/wp\/v2\/posts\/21799","targetHints":{"allow":["GET"]}}],"collection":[{"href":"https:\/\/www.ambienteyenergia.gob.ec\/ambiente\/wp-json\/wp\/v2\/posts"}],"about":[{"href":"https:\/\/www.ambienteyenergia.gob.ec\/ambiente\/wp-json\/wp\/v2\/types\/post"}],"author":[{"embeddable":true,"href":"https:\/\/www.ambienteyenergia.gob.ec\/ambiente\/wp-json\/wp\/v2\/users\/13"}],"replies":[{"embeddable":true,"href":"https:\/\/www.ambienteyenergia.gob.ec\/ambiente\/wp-json\/wp\/v2\/comments?post=21799"}],"version-history":[{"count":0,"href":"https:\/\/www.ambienteyenergia.gob.ec\/ambiente\/wp-json\/wp\/v2\/posts\/21799\/revisions"}],"wp:featuredmedia":[{"embeddable":true,"href":"https:\/\/www.ambienteyenergia.gob.ec\/ambiente\/wp-json\/wp\/v2\/media\/21800"}],"wp:attachment":[{"href":"https:\/\/www.ambienteyenergia.gob.ec\/ambiente\/wp-json\/wp\/v2\/media?parent=21799"}],"wp:term":[{"taxonomy":"category","embeddable":true,"href":"https:\/\/www.ambienteyenergia.gob.ec\/ambiente\/wp-json\/wp\/v2\/categories?post=21799"},{"taxonomy":"post_tag","embeddable":true,"href":"https:\/\/www.ambienteyenergia.gob.ec\/ambiente\/wp-json\/wp\/v2\/tags?post=21799"}],"curies":[{"name":"wp","href":"https:\/\/api.w.org\/{rel}","templated":true}]}}