{"id":21793,"date":"2014-08-01T08:53:44","date_gmt":"2014-08-01T13:53:44","guid":{"rendered":"http:\/\/www.ambiente.gob.ec\/?p=21793"},"modified":"2014-08-01T08:53:44","modified_gmt":"2014-08-01T13:53:44","slug":"finaliza-el-segundo-ciclo-del-proyecto-servicio-civil-ciudadano-en-la-provincia-de-imbabura","status":"publish","type":"post","link":"https:\/\/www.ambienteyenergia.gob.ec\/ambiente\/finaliza-el-segundo-ciclo-del-proyecto-servicio-civil-ciudadano-en-la-provincia-de-imbabura\/","title":{"rendered":"Finaliza el segundo ciclo del Proyecto Servicio Civil Ciudadano, en la Provincia de Imbabura"},"content":{"rendered":"<p style=\"text-align: justify;\">Ayer, con rueda de prensa, se dio a conocer a la ciudadan\u00eda la finalizaci\u00f3n del segundo ciclo del Proyecto Servicio Civil Ciudadano con la participaci\u00f3n del Ministerio del Ambiente, Ministerio de Relaciones Labores y Ministerio del Interior.<\/p>\n<p style=\"text-align: justify;\">\n34 j\u00f3venes voluntarios culminaron el proceso de capacitaci\u00f3n sobre temas de Educaci\u00f3n Ambiental, Gesti\u00f3n Integral de Desechos S\u00f3lidos, Intervenci\u00f3n en \u00c1reas Protegidas, Repoblaci\u00f3n Forestal\u00a0 con fines de conservaci\u00f3n y protecci\u00f3n, incluy\u00e9ndolos as\u00ed como actores activos en la soluci\u00f3n de los problemas de sus comunidades y el pa\u00eds.<br \/>\nEn cada uno de los temas, realizaron varias actividades como:<\/p>\n<p style=\"text-align: justify;\">\n\u2022\u00a0\u00a0 \u00a0Educaci\u00f3n Ambiental.- a trav\u00e9s de din\u00e1micas, proyecciones, teatro y t\u00edteres,\u00a0 las buenas pr\u00e1cticas ambientales, el cuidado y protecci\u00f3n de nuestro planeta,\u00a0 se ha concienciando a m\u00e1s de 3000 personas de la Provincia.<\/p>\n<p style=\"text-align: justify;\">\n\u2022\u00a0\u00a0 \u00a0Apoyo en el \u00c1rea Protegida.- Apoyo en La Reserva Ecol\u00f3gica Cotacachi Cayapas en las actividades de mantenimiento de senderos, control y registro de turismo, reforestaci\u00f3n, gesti\u00f3n de desechos s\u00f3lidos y control de vida silvestre.<\/p>\n<p style=\"text-align: justify;\">\n\u2022\u00a0\u00a0 \u00a0Reforestaci\u00f3n.- Repoblaci\u00f3n forestal con fines de conservaci\u00f3n y protecci\u00f3n, conjuntamente con las instituciones p\u00fablicas, privadas. Adem\u00e1s de apoyar directamente en las\u00a0 acciones\u00a0 lideradas por la Direcci\u00f3n Provincial del Ambiente de Imbabura.<\/p>\n<p style=\"text-align: justify;\">\n\u2022\u00a0\u00a0 \u00a0Apoyo en Campa\u00f1as.- Participaci\u00f3n en las campa\u00f1as lideradas por los MAE, Ministerio de Salud P\u00fablica, Ministerio de Relaciones Laborales, Ministerio de Coordinaci\u00f3n Social y Econ\u00f3mica.<\/p>\n<p style=\"text-align: justify;\">\n\u2022\u00a0\u00a0 \u00a0Gesti\u00f3n de Desechos S\u00f3lidos.- Se realiz\u00f3 la gesti\u00f3n de desechos s\u00f3lidos en los cuerpos lacustres y sitios tur\u00edsticos de la provincia.<\/p>\n<p style=\"text-align: justify;\">\n\u2022\u00a0\u00a0 \u00a0Labor Social.- Se visit\u00f3 las diferentes casas hogar, orfanatos y albergues de la provincia como parte de su aporte a la sociedad.<\/p>\n","protected":false},"excerpt":{"rendered":"<p class=\"excerpt\">Ayer, con rueda de prensa, se dio a conocer a la ciudadan\u00eda la finalizaci\u00f3n del segundo ciclo del Proyecto Servicio Civil Ciudadano con la participaci\u00f3n del Ministerio del Ambiente, Ministerio de Relaciones Labores y Ministerio del Interior. 34 j\u00f3venes voluntarios culminaron el proceso de capacitaci\u00f3n sobre temas de Educaci\u00f3n Ambiental, Gesti\u00f3n Integral de Desechos S\u00f3lidos, Intervenci\u00f3n en \u00c1reas Protegidas, Repoblaci\u00f3n&hellip; <a href=\"https:\/\/www.ambienteyenergia.gob.ec\/ambiente\/finaliza-el-segundo-ciclo-del-proyecto-servicio-civil-ciudadano-en-la-provincia-de-imbabura\/\">Read more &rarr;<\/a><\/p>\n","protected":false},"author":13,"featured_media":21794,"comment_status":"open","ping_status":"open","sticky":false,"template":"","format":"standard","meta":{"footnotes":""},"categories":[16,4],"tags":[],"class_list":["post-21793","post","type-post","status-publish","format-standard","has-post-thumbnail","hentry","category-comunicamos","category-noticias","xfolkentry"],"_links":{"self":[{"href":"https:\/\/www.ambienteyenergia.gob.ec\/ambiente\/wp-json\/wp\/v2\/posts\/21793","targetHints":{"allow":["GET"]}}],"collection":[{"href":"https:\/\/www.ambienteyenergia.gob.ec\/ambiente\/wp-json\/wp\/v2\/posts"}],"about":[{"href":"https:\/\/www.ambienteyenergia.gob.ec\/ambiente\/wp-json\/wp\/v2\/types\/post"}],"author":[{"embeddable":true,"href":"https:\/\/www.ambienteyenergia.gob.ec\/ambiente\/wp-json\/wp\/v2\/users\/13"}],"replies":[{"embeddable":true,"href":"https:\/\/www.ambienteyenergia.gob.ec\/ambiente\/wp-json\/wp\/v2\/comments?post=21793"}],"version-history":[{"count":0,"href":"https:\/\/www.ambienteyenergia.gob.ec\/ambiente\/wp-json\/wp\/v2\/posts\/21793\/revisions"}],"wp:featuredmedia":[{"embeddable":true,"href":"https:\/\/www.ambienteyenergia.gob.ec\/ambiente\/wp-json\/wp\/v2\/media\/21794"}],"wp:attachment":[{"href":"https:\/\/www.ambienteyenergia.gob.ec\/ambiente\/wp-json\/wp\/v2\/media?parent=21793"}],"wp:term":[{"taxonomy":"category","embeddable":true,"href":"https:\/\/www.ambienteyenergia.gob.ec\/ambiente\/wp-json\/wp\/v2\/categories?post=21793"},{"taxonomy":"post_tag","embeddable":true,"href":"https:\/\/www.ambienteyenergia.gob.ec\/ambiente\/wp-json\/wp\/v2\/tags?post=21793"}],"curies":[{"name":"wp","href":"https:\/\/api.w.org\/{rel}","templated":true}]}}